{"id":9185,"date":"2024-03-25T12:27:06","date_gmt":"2024-03-25T11:27:06","guid":{"rendered":"https:\/\/www.nodesign.net\/?p=9185"},"modified":"2024-03-29T13:12:21","modified_gmt":"2024-03-29T12:12:21","slug":"podcast-comment-devient-on-designer-et-pourquoi-faire-du-design-avec-jean-louis-frechin","status":"publish","type":"post","link":"https:\/\/www.nodesign.net\/en\/podcast-comment-devient-on-designer-et-pourquoi-faire-du-design-avec-jean-louis-frechin\/","title":{"rendered":"Podcast FYP: Comment devient on designer et pourquoi faire du design ? Avec Jean-Louis Frechin"},"content":{"rendered":"<p>Jean-Louis Frechin, architecte de formation et figure embl\u00e9matique du design num\u00e9rique, raconte sans langue de bois son parcours de designer, de ses premiers pas en architecture \u00e0 la fondation de NoDesign. Anim\u00e9 d\u2019une passion in\u00e9branlable pour l\u2019innovation, la cr\u00e9ativit\u00e9 et l\u2019impact transformateur de la technologie sur notre quotidien, il partage ses r\u00e9flexions profondes sur le r\u00f4le du design dans la soci\u00e9t\u00e9 contemporaine, ses projets marquants et ses aspirations \u00e0 cr\u00e9er des objets qui allient esth\u00e9tique, fonctionnalit\u00e9 et \u00e9motion. Son parcours \u00e9clectique est un t\u00e9moignage vivant de la puissance du design comme outil de changement et d\u2019innovation.<\/p>\n<p>Jean-Louis Frechin est aussi l\u2019auteur du livre Le design des choses \u00e0 l\u2019heure du num\u00e9rique et de l\u2019intelligence artificielle, disponible sur www.fypeditions.com<\/p>\n<p>&nbsp;<\/p>\n<p><iframe loading=\"lazy\" style=\"border-radius: 12px;\" src=\"https:\/\/open.spotify.com\/embed\/episode\/60xmrlvrqufIznHUzbPFQ7?utm_source=generator&amp;theme=0\" width=\"100%\" height=\"352\" frameborder=\"0\" allowfullscreen=\"allowfullscreen\"><\/iframe><\/p>\n","protected":false},"excerpt":{"rendered":"<p>Jean-Louis Frechin, architecte de formation et figure embl\u00e9matique du design num\u00e9rique, raconte sans langue de bois son parcours de designer, de ses premiers pas en architecture \u00e0 la fondation de NoDesign. Anim\u00e9 d\u2019une passion in\u00e9branlable pour l\u2019innovation, la cr\u00e9ativit\u00e9 et l\u2019impact transformateur de la technologie sur notre quotidien, il partage ses r\u00e9flexions profondes sur le [&hellip;]<\/p>\n","protected":false},"author":3,"featured_media":9198,"comment_status":"closed","ping_status":"closed","sticky":false,"template":"","format":"standard","meta":{"_exactmetrics_skip_tracking":false,"_exactmetrics_sitenote_active":false,"_exactmetrics_sitenote_note":"","_exactmetrics_sitenote_category":0,"footnotes":"","_links_to":"","_links_to_target":""},"categories":[8,16,18,95],"tags":[],"yoast_head":"<!-- This site is optimized with the Yoast SEO plugin v24.0 - https:\/\/yoast.com\/wordpress\/plugins\/seo\/ -->\n<title>Podcast FYP: Comment devient on designer et pourquoi faire du design ? Avec Jean-Louis Frechin - nodesign.net<\/title>\n<meta name=\"robots\" content=\"index, follow, max-snippet:-1, max-image-preview:large, max-video-preview:-1\" \/>\n<link rel=\"canonical\" href=\"https:\/\/www.nodesign.net\/en\/podcast-comment-devient-on-designer-et-pourquoi-faire-du-design-avec-jean-louis-frechin\/\" \/>\n<meta property=\"og:locale\" content=\"en_US\" \/>\n<meta property=\"og:type\" content=\"article\" \/>\n<meta property=\"og:title\" content=\"Podcast FYP: Comment devient on designer et pourquoi faire du design ? Avec Jean-Louis Frechin - nodesign.net\" \/>\n<meta property=\"og:description\" content=\"Jean-Louis Frechin, architecte de formation et figure embl\u00e9matique du design num\u00e9rique, raconte sans langue de bois son parcours de designer, de ses premiers pas en architecture \u00e0 la fondation de NoDesign. Anim\u00e9 d\u2019une passion in\u00e9branlable pour l\u2019innovation, la cr\u00e9ativit\u00e9 et l\u2019impact transformateur de la technologie sur notre quotidien, il partage ses r\u00e9flexions profondes sur le [&hellip;]\" \/>\n<meta property=\"og:url\" content=\"https:\/\/www.nodesign.net\/en\/podcast-comment-devient-on-designer-et-pourquoi-faire-du-design-avec-jean-louis-frechin\/\" \/>\n<meta property=\"og:site_name\" content=\"nodesign.net\" \/>\n<meta property=\"article:published_time\" content=\"2024-03-25T11:27:06+00:00\" \/>\n<meta property=\"article:modified_time\" content=\"2024-03-29T12:12:21+00:00\" \/>\n<meta property=\"og:image\" content=\"https:\/\/www.nodesign.net\/wp-content\/uploads\/2024\/03\/Podcast-05-NoDesign@2x-4.png\" \/>\n\t<meta property=\"og:image:width\" content=\"2160\" \/>\n\t<meta property=\"og:image:height\" content=\"2160\" \/>\n\t<meta property=\"og:image:type\" content=\"image\/png\" \/>\n<meta name=\"author\" content=\"angelo\" \/>\n<meta name=\"twitter:card\" content=\"summary_large_image\" \/>\n<meta name=\"twitter:label1\" content=\"Written by\" \/>\n\t<meta name=\"twitter:data1\" content=\"angelo\" \/>\n\t<meta name=\"twitter:label2\" content=\"Est. reading time\" \/>\n\t<meta name=\"twitter:data2\" content=\"1 minute\" \/>\n<script type=\"application\/ld+json\" class=\"yoast-schema-graph\">{\"@context\":\"https:\/\/schema.org\",\"@graph\":[{\"@type\":\"WebPage\",\"@id\":\"https:\/\/www.nodesign.net\/en\/podcast-comment-devient-on-designer-et-pourquoi-faire-du-design-avec-jean-louis-frechin\/\",\"url\":\"https:\/\/www.nodesign.net\/en\/podcast-comment-devient-on-designer-et-pourquoi-faire-du-design-avec-jean-louis-frechin\/\",\"name\":\"Podcast FYP: Comment devient on designer et pourquoi faire du design ? Avec Jean-Louis Frechin - nodesign.net\",\"isPartOf\":{\"@id\":\"https:\/\/www.nodesign.net\/en\/#website\"},\"primaryImageOfPage\":{\"@id\":\"https:\/\/www.nodesign.net\/en\/podcast-comment-devient-on-designer-et-pourquoi-faire-du-design-avec-jean-louis-frechin\/#primaryimage\"},\"image\":{\"@id\":\"https:\/\/www.nodesign.net\/en\/podcast-comment-devient-on-designer-et-pourquoi-faire-du-design-avec-jean-louis-frechin\/#primaryimage\"},\"thumbnailUrl\":\"https:\/\/www.nodesign.net\/wp-content\/uploads\/2024\/03\/Podcast-05-NoDesign@2x-4.png\",\"datePublished\":\"2024-03-25T11:27:06+00:00\",\"dateModified\":\"2024-03-29T12:12:21+00:00\",\"author\":{\"@id\":\"https:\/\/www.nodesign.net\/en\/#\/schema\/person\/25e6998fd35f3e914350d0220751e31b\"},\"breadcrumb\":{\"@id\":\"https:\/\/www.nodesign.net\/en\/podcast-comment-devient-on-designer-et-pourquoi-faire-du-design-avec-jean-louis-frechin\/#breadcrumb\"},\"inLanguage\":\"en-US\",\"potentialAction\":[{\"@type\":\"ReadAction\",\"target\":[\"https:\/\/www.nodesign.net\/en\/podcast-comment-devient-on-designer-et-pourquoi-faire-du-design-avec-jean-louis-frechin\/\"]}]},{\"@type\":\"ImageObject\",\"inLanguage\":\"en-US\",\"@id\":\"https:\/\/www.nodesign.net\/en\/podcast-comment-devient-on-designer-et-pourquoi-faire-du-design-avec-jean-louis-frechin\/#primaryimage\",\"url\":\"https:\/\/www.nodesign.net\/wp-content\/uploads\/2024\/03\/Podcast-05-NoDesign@2x-4.png\",\"contentUrl\":\"https:\/\/www.nodesign.net\/wp-content\/uploads\/2024\/03\/Podcast-05-NoDesign@2x-4.png\",\"width\":2160,\"height\":2160},{\"@type\":\"BreadcrumbList\",\"@id\":\"https:\/\/www.nodesign.net\/en\/podcast-comment-devient-on-designer-et-pourquoi-faire-du-design-avec-jean-louis-frechin\/#breadcrumb\",\"itemListElement\":[{\"@type\":\"ListItem\",\"position\":1,\"name\":\"Accueil\",\"item\":\"https:\/\/www.nodesign.net\/en\/home\/\"},{\"@type\":\"ListItem\",\"position\":2,\"name\":\"Podcast FYP: Comment devient on designer et pourquoi faire du design ? Avec Jean-Louis Frechin\"}]},{\"@type\":\"WebSite\",\"@id\":\"https:\/\/www.nodesign.net\/en\/#website\",\"url\":\"https:\/\/www.nodesign.net\/en\/\",\"name\":\"nodesign.net\",\"description\":\"innovation through design\",\"potentialAction\":[{\"@type\":\"SearchAction\",\"target\":{\"@type\":\"EntryPoint\",\"urlTemplate\":\"https:\/\/www.nodesign.net\/en\/?s={search_term_string}\"},\"query-input\":{\"@type\":\"PropertyValueSpecification\",\"valueRequired\":true,\"valueName\":\"search_term_string\"}}],\"inLanguage\":\"en-US\"},{\"@type\":\"Person\",\"@id\":\"https:\/\/www.nodesign.net\/en\/#\/schema\/person\/25e6998fd35f3e914350d0220751e31b\",\"name\":\"angelo\",\"url\":\"https:\/\/www.nodesign.net\/en\/author\/angelo\/\"}]}<\/script>\n<!-- \/ Yoast SEO plugin. -->","yoast_head_json":{"title":"Podcast FYP: Comment devient on designer et pourquoi faire du design ? Avec Jean-Louis Frechin - nodesign.net","robots":{"index":"index","follow":"follow","max-snippet":"max-snippet:-1","max-image-preview":"max-image-preview:large","max-video-preview":"max-video-preview:-1"},"canonical":"https:\/\/www.nodesign.net\/en\/podcast-comment-devient-on-designer-et-pourquoi-faire-du-design-avec-jean-louis-frechin\/","og_locale":"en_US","og_type":"article","og_title":"Podcast FYP: Comment devient on designer et pourquoi faire du design ? Avec Jean-Louis Frechin - nodesign.net","og_description":"Jean-Louis Frechin, architecte de formation et figure embl\u00e9matique du design num\u00e9rique, raconte sans langue de bois son parcours de designer, de ses premiers pas en architecture \u00e0 la fondation de NoDesign. Anim\u00e9 d\u2019une passion in\u00e9branlable pour l\u2019innovation, la cr\u00e9ativit\u00e9 et l\u2019impact transformateur de la technologie sur notre quotidien, il partage ses r\u00e9flexions profondes sur le [&hellip;]","og_url":"https:\/\/www.nodesign.net\/en\/podcast-comment-devient-on-designer-et-pourquoi-faire-du-design-avec-jean-louis-frechin\/","og_site_name":"nodesign.net","article_published_time":"2024-03-25T11:27:06+00:00","article_modified_time":"2024-03-29T12:12:21+00:00","og_image":[{"width":2160,"height":2160,"url":"https:\/\/www.nodesign.net\/wp-content\/uploads\/2024\/03\/Podcast-05-NoDesign@2x-4.png","type":"image\/png"}],"author":"angelo","twitter_card":"summary_large_image","twitter_misc":{"Written by":"angelo","Est. reading time":"1 minute"},"schema":{"@context":"https:\/\/schema.org","@graph":[{"@type":"WebPage","@id":"https:\/\/www.nodesign.net\/en\/podcast-comment-devient-on-designer-et-pourquoi-faire-du-design-avec-jean-louis-frechin\/","url":"https:\/\/www.nodesign.net\/en\/podcast-comment-devient-on-designer-et-pourquoi-faire-du-design-avec-jean-louis-frechin\/","name":"Podcast FYP: Comment devient on designer et pourquoi faire du design ? Avec Jean-Louis Frechin - nodesign.net","isPartOf":{"@id":"https:\/\/www.nodesign.net\/en\/#website"},"primaryImageOfPage":{"@id":"https:\/\/www.nodesign.net\/en\/podcast-comment-devient-on-designer-et-pourquoi-faire-du-design-avec-jean-louis-frechin\/#primaryimage"},"image":{"@id":"https:\/\/www.nodesign.net\/en\/podcast-comment-devient-on-designer-et-pourquoi-faire-du-design-avec-jean-louis-frechin\/#primaryimage"},"thumbnailUrl":"https:\/\/www.nodesign.net\/wp-content\/uploads\/2024\/03\/Podcast-05-NoDesign@2x-4.png","datePublished":"2024-03-25T11:27:06+00:00","dateModified":"2024-03-29T12:12:21+00:00","author":{"@id":"https:\/\/www.nodesign.net\/en\/#\/schema\/person\/25e6998fd35f3e914350d0220751e31b"},"breadcrumb":{"@id":"https:\/\/www.nodesign.net\/en\/podcast-comment-devient-on-designer-et-pourquoi-faire-du-design-avec-jean-louis-frechin\/#breadcrumb"},"inLanguage":"en-US","potentialAction":[{"@type":"ReadAction","target":["https:\/\/www.nodesign.net\/en\/podcast-comment-devient-on-designer-et-pourquoi-faire-du-design-avec-jean-louis-frechin\/"]}]},{"@type":"ImageObject","inLanguage":"en-US","@id":"https:\/\/www.nodesign.net\/en\/podcast-comment-devient-on-designer-et-pourquoi-faire-du-design-avec-jean-louis-frechin\/#primaryimage","url":"https:\/\/www.nodesign.net\/wp-content\/uploads\/2024\/03\/Podcast-05-NoDesign@2x-4.png","contentUrl":"https:\/\/www.nodesign.net\/wp-content\/uploads\/2024\/03\/Podcast-05-NoDesign@2x-4.png","width":2160,"height":2160},{"@type":"BreadcrumbList","@id":"https:\/\/www.nodesign.net\/en\/podcast-comment-devient-on-designer-et-pourquoi-faire-du-design-avec-jean-louis-frechin\/#breadcrumb","itemListElement":[{"@type":"ListItem","position":1,"name":"Accueil","item":"https:\/\/www.nodesign.net\/en\/home\/"},{"@type":"ListItem","position":2,"name":"Podcast FYP: Comment devient on designer et pourquoi faire du design ? Avec Jean-Louis Frechin"}]},{"@type":"WebSite","@id":"https:\/\/www.nodesign.net\/en\/#website","url":"https:\/\/www.nodesign.net\/en\/","name":"nodesign.net","description":"innovation through design","potentialAction":[{"@type":"SearchAction","target":{"@type":"EntryPoint","urlTemplate":"https:\/\/www.nodesign.net\/en\/?s={search_term_string}"},"query-input":{"@type":"PropertyValueSpecification","valueRequired":true,"valueName":"search_term_string"}}],"inLanguage":"en-US"},{"@type":"Person","@id":"https:\/\/www.nodesign.net\/en\/#\/schema\/person\/25e6998fd35f3e914350d0220751e31b","name":"angelo","url":"https:\/\/www.nodesign.net\/en\/author\/angelo\/"}]}},"_links":{"self":[{"href":"https:\/\/www.nodesign.net\/en\/wp-json\/wp\/v2\/posts\/9185"}],"collection":[{"href":"https:\/\/www.nodesign.net\/en\/wp-json\/wp\/v2\/posts"}],"about":[{"href":"https:\/\/www.nodesign.net\/en\/wp-json\/wp\/v2\/types\/post"}],"author":[{"embeddable":true,"href":"https:\/\/www.nodesign.net\/en\/wp-json\/wp\/v2\/users\/3"}],"replies":[{"embeddable":true,"href":"https:\/\/www.nodesign.net\/en\/wp-json\/wp\/v2\/comments?post=9185"}],"version-history":[{"count":3,"href":"https:\/\/www.nodesign.net\/en\/wp-json\/wp\/v2\/posts\/9185\/revisions"}],"predecessor-version":[{"id":9202,"href":"https:\/\/www.nodesign.net\/en\/wp-json\/wp\/v2\/posts\/9185\/revisions\/9202"}],"wp:featuredmedia":[{"embeddable":true,"href":"https:\/\/www.nodesign.net\/en\/wp-json\/wp\/v2\/media\/9198"}],"wp:attachment":[{"href":"https:\/\/www.nodesign.net\/en\/wp-json\/wp\/v2\/media?parent=9185"}],"wp:term":[{"taxonomy":"category","embeddable":true,"href":"https:\/\/www.nodesign.net\/en\/wp-json\/wp\/v2\/categories?post=9185"},{"taxonomy":"post_tag","embeddable":true,"href":"https:\/\/www.nodesign.net\/en\/wp-json\/wp\/v2\/tags?post=9185"}],"curies":[{"name":"wp","href":"https:\/\/api.w.org\/{rel}","templated":true}]}}