{"id":9179,"date":"2024-03-25T12:24:36","date_gmt":"2024-03-25T11:24:36","guid":{"rendered":"https:\/\/www.nodesign.net\/?p=9179"},"modified":"2024-03-25T12:29:37","modified_gmt":"2024-03-25T11:29:37","slug":"podcast-comment-naissent-les-objets-et-les-services-le-design-des-choses-avec-jean-louis-frechin","status":"publish","type":"post","link":"https:\/\/www.nodesign.net\/en\/podcast-comment-naissent-les-objets-et-les-services-le-design-des-choses-avec-jean-louis-frechin\/","title":{"rendered":"Podcast FYP:  Comment naissent les objets et les services ? Le design des choses avec Jean-louis Frechin"},"content":{"rendered":"<p>Le design s\u2019affirme d\u00e9sormais comme un levier puissant des transformations qui fa\u00e7onnent notre soci\u00e9t\u00e9, notre \u00e9conomie et notre environnement. Jean-Louis Frechin, pionnier du design num\u00e9rique, praticien reconnu et th\u00e9oricien majeur du design, nous livre une exploration compl\u00e8te de cette discipline multidimensionnelle, en constante \u00e9volution. Il nous fait d\u00e9couvrir comment le design red\u00e9finit notre relation aux objets, aux services et aux interfaces. Un \u00e9pisode in\u00e9dit pour tous les cr\u00e9atifs, les innovateurs et tous ceux qui sont engag\u00e9s dans les transformations de notre \u00e9poque.<\/p>\n<p>Jean-Louis Frechin est l\u2019un des grands designers fran\u00e7ais contemporains. Architecte de formation, dipl\u00f4m\u00e9 de l\u2019Ensci, il est le fondateur de NoDesign, la premi\u00e8re agence de design num\u00e9rique. Enseignant, fondateur de l\u2019Atelier de design num\u00e9rique, ancien directeur de l\u2019innovation et de la prospective de l\u2019Ensci-Les Ateliers, conf\u00e9rencier international, commissaire d\u2019exposition, chroniqueur pour le quotidien\u00a0<em>Les \u00c9chos<\/em>, Jean-Louis Frechin est sp\u00e9cialis\u00e9 dans la cr\u00e9ation, l\u2019innovation et les r\u00e9flexions strat\u00e9giques dans les domaines des technologies de l\u2019information, des interactions et des usages sur des projets industriels, urbains et culturels. Il a \u00e9t\u00e9 d\u00e9cor\u00e9 Chevalier de l\u2019ordre national du M\u00e9rite.<\/p>\n<p>&nbsp;<\/p>\n<p><iframe style=\"border-radius:12px\" src=\"https:\/\/open.spotify.com\/embed\/episode\/7K5pvJ5PVNVbiEg2fuie50?utm_source=generator&#038;theme=0\" width=\"100%\" height=\"352\" frameBorder=\"0\" allowfullscreen=\"\" allow=\"autoplay; clipboard-write; encrypted-media; fullscreen; picture-in-picture\" loading=\"lazy\"><\/iframe><\/p>\n","protected":false},"excerpt":{"rendered":"<p>Le design s\u2019affirme d\u00e9sormais comme un levier puissant des transformations qui fa\u00e7onnent notre soci\u00e9t\u00e9, notre \u00e9conomie et notre environnement. Jean-Louis Frechin, pionnier du design num\u00e9rique, praticien reconnu et th\u00e9oricien majeur du design, nous livre une exploration compl\u00e8te de cette discipline multidimensionnelle, en constante \u00e9volution. Il nous fait d\u00e9couvrir comment le design red\u00e9finit notre relation aux [&hellip;]<\/p>\n","protected":false},"author":3,"featured_media":9180,"comment_status":"closed","ping_status":"closed","sticky":false,"template":"","format":"standard","meta":{"_exactmetrics_skip_tracking":false,"_exactmetrics_sitenote_active":false,"_exactmetrics_sitenote_note":"","_exactmetrics_sitenote_category":0,"footnotes":"","_links_to":"","_links_to_target":""},"categories":[8,16,18,95],"tags":[],"yoast_head":"<!-- This site is optimized with the Yoast SEO plugin v24.0 - https:\/\/yoast.com\/wordpress\/plugins\/seo\/ -->\n<title>Podcast FYP: Comment naissent les objets et les services ? Le design des choses avec Jean-louis Frechin - nodesign.net<\/title>\n<meta name=\"robots\" content=\"index, follow, max-snippet:-1, max-image-preview:large, max-video-preview:-1\" \/>\n<link rel=\"canonical\" href=\"https:\/\/www.nodesign.net\/en\/podcast-comment-naissent-les-objets-et-les-services-le-design-des-choses-avec-jean-louis-frechin\/\" \/>\n<meta property=\"og:locale\" content=\"en_US\" \/>\n<meta property=\"og:type\" content=\"article\" \/>\n<meta property=\"og:title\" content=\"Podcast FYP: Comment naissent les objets et les services ? Le design des choses avec Jean-louis Frechin - nodesign.net\" \/>\n<meta property=\"og:description\" content=\"Le design s\u2019affirme d\u00e9sormais comme un levier puissant des transformations qui fa\u00e7onnent notre soci\u00e9t\u00e9, notre \u00e9conomie et notre environnement. Jean-Louis Frechin, pionnier du design num\u00e9rique, praticien reconnu et th\u00e9oricien majeur du design, nous livre une exploration compl\u00e8te de cette discipline multidimensionnelle, en constante \u00e9volution. Il nous fait d\u00e9couvrir comment le design red\u00e9finit notre relation aux [&hellip;]\" \/>\n<meta property=\"og:url\" content=\"https:\/\/www.nodesign.net\/en\/podcast-comment-naissent-les-objets-et-les-services-le-design-des-choses-avec-jean-louis-frechin\/\" \/>\n<meta property=\"og:site_name\" content=\"nodesign.net\" \/>\n<meta property=\"article:published_time\" content=\"2024-03-25T11:24:36+00:00\" \/>\n<meta property=\"article:modified_time\" content=\"2024-03-25T11:29:37+00:00\" \/>\n<meta property=\"og:image\" content=\"https:\/\/www.nodesign.net\/wp-content\/uploads\/2024\/03\/Podcast-04-Le-design-des-choses@2x.png\" \/>\n\t<meta property=\"og:image:width\" content=\"2160\" \/>\n\t<meta property=\"og:image:height\" content=\"2160\" \/>\n\t<meta property=\"og:image:type\" content=\"image\/png\" \/>\n<meta name=\"author\" content=\"angelo\" \/>\n<meta name=\"twitter:card\" content=\"summary_large_image\" \/>\n<meta name=\"twitter:label1\" content=\"Written by\" \/>\n\t<meta name=\"twitter:data1\" content=\"angelo\" \/>\n\t<meta name=\"twitter:label2\" content=\"Est. reading time\" \/>\n\t<meta name=\"twitter:data2\" content=\"1 minute\" \/>\n<script type=\"application\/ld+json\" class=\"yoast-schema-graph\">{\"@context\":\"https:\/\/schema.org\",\"@graph\":[{\"@type\":\"WebPage\",\"@id\":\"https:\/\/www.nodesign.net\/en\/podcast-comment-naissent-les-objets-et-les-services-le-design-des-choses-avec-jean-louis-frechin\/\",\"url\":\"https:\/\/www.nodesign.net\/en\/podcast-comment-naissent-les-objets-et-les-services-le-design-des-choses-avec-jean-louis-frechin\/\",\"name\":\"Podcast FYP: Comment naissent les objets et les services ? Le design des choses avec Jean-louis Frechin - nodesign.net\",\"isPartOf\":{\"@id\":\"https:\/\/www.nodesign.net\/en\/#website\"},\"primaryImageOfPage\":{\"@id\":\"https:\/\/www.nodesign.net\/en\/podcast-comment-naissent-les-objets-et-les-services-le-design-des-choses-avec-jean-louis-frechin\/#primaryimage\"},\"image\":{\"@id\":\"https:\/\/www.nodesign.net\/en\/podcast-comment-naissent-les-objets-et-les-services-le-design-des-choses-avec-jean-louis-frechin\/#primaryimage\"},\"thumbnailUrl\":\"https:\/\/www.nodesign.net\/wp-content\/uploads\/2024\/03\/Podcast-04-Le-design-des-choses@2x.png\",\"datePublished\":\"2024-03-25T11:24:36+00:00\",\"dateModified\":\"2024-03-25T11:29:37+00:00\",\"author\":{\"@id\":\"https:\/\/www.nodesign.net\/en\/#\/schema\/person\/25e6998fd35f3e914350d0220751e31b\"},\"breadcrumb\":{\"@id\":\"https:\/\/www.nodesign.net\/en\/podcast-comment-naissent-les-objets-et-les-services-le-design-des-choses-avec-jean-louis-frechin\/#breadcrumb\"},\"inLanguage\":\"en-US\",\"potentialAction\":[{\"@type\":\"ReadAction\",\"target\":[\"https:\/\/www.nodesign.net\/en\/podcast-comment-naissent-les-objets-et-les-services-le-design-des-choses-avec-jean-louis-frechin\/\"]}]},{\"@type\":\"ImageObject\",\"inLanguage\":\"en-US\",\"@id\":\"https:\/\/www.nodesign.net\/en\/podcast-comment-naissent-les-objets-et-les-services-le-design-des-choses-avec-jean-louis-frechin\/#primaryimage\",\"url\":\"https:\/\/www.nodesign.net\/wp-content\/uploads\/2024\/03\/Podcast-04-Le-design-des-choses@2x.png\",\"contentUrl\":\"https:\/\/www.nodesign.net\/wp-content\/uploads\/2024\/03\/Podcast-04-Le-design-des-choses@2x.png\",\"width\":2160,\"height\":2160},{\"@type\":\"BreadcrumbList\",\"@id\":\"https:\/\/www.nodesign.net\/en\/podcast-comment-naissent-les-objets-et-les-services-le-design-des-choses-avec-jean-louis-frechin\/#breadcrumb\",\"itemListElement\":[{\"@type\":\"ListItem\",\"position\":1,\"name\":\"Accueil\",\"item\":\"https:\/\/www.nodesign.net\/en\/home\/\"},{\"@type\":\"ListItem\",\"position\":2,\"name\":\"Podcast FYP: Comment naissent les objets et les services ? Le design des choses avec Jean-louis Frechin\"}]},{\"@type\":\"WebSite\",\"@id\":\"https:\/\/www.nodesign.net\/en\/#website\",\"url\":\"https:\/\/www.nodesign.net\/en\/\",\"name\":\"nodesign.net\",\"description\":\"innovation through design\",\"potentialAction\":[{\"@type\":\"SearchAction\",\"target\":{\"@type\":\"EntryPoint\",\"urlTemplate\":\"https:\/\/www.nodesign.net\/en\/?s={search_term_string}\"},\"query-input\":{\"@type\":\"PropertyValueSpecification\",\"valueRequired\":true,\"valueName\":\"search_term_string\"}}],\"inLanguage\":\"en-US\"},{\"@type\":\"Person\",\"@id\":\"https:\/\/www.nodesign.net\/en\/#\/schema\/person\/25e6998fd35f3e914350d0220751e31b\",\"name\":\"angelo\",\"url\":\"https:\/\/www.nodesign.net\/en\/author\/angelo\/\"}]}<\/script>\n<!-- \/ Yoast SEO plugin. -->","yoast_head_json":{"title":"Podcast FYP: Comment naissent les objets et les services ? Le design des choses avec Jean-louis Frechin - nodesign.net","robots":{"index":"index","follow":"follow","max-snippet":"max-snippet:-1","max-image-preview":"max-image-preview:large","max-video-preview":"max-video-preview:-1"},"canonical":"https:\/\/www.nodesign.net\/en\/podcast-comment-naissent-les-objets-et-les-services-le-design-des-choses-avec-jean-louis-frechin\/","og_locale":"en_US","og_type":"article","og_title":"Podcast FYP: Comment naissent les objets et les services ? Le design des choses avec Jean-louis Frechin - nodesign.net","og_description":"Le design s\u2019affirme d\u00e9sormais comme un levier puissant des transformations qui fa\u00e7onnent notre soci\u00e9t\u00e9, notre \u00e9conomie et notre environnement. Jean-Louis Frechin, pionnier du design num\u00e9rique, praticien reconnu et th\u00e9oricien majeur du design, nous livre une exploration compl\u00e8te de cette discipline multidimensionnelle, en constante \u00e9volution. Il nous fait d\u00e9couvrir comment le design red\u00e9finit notre relation aux [&hellip;]","og_url":"https:\/\/www.nodesign.net\/en\/podcast-comment-naissent-les-objets-et-les-services-le-design-des-choses-avec-jean-louis-frechin\/","og_site_name":"nodesign.net","article_published_time":"2024-03-25T11:24:36+00:00","article_modified_time":"2024-03-25T11:29:37+00:00","og_image":[{"width":2160,"height":2160,"url":"https:\/\/www.nodesign.net\/wp-content\/uploads\/2024\/03\/Podcast-04-Le-design-des-choses@2x.png","type":"image\/png"}],"author":"angelo","twitter_card":"summary_large_image","twitter_misc":{"Written by":"angelo","Est. reading time":"1 minute"},"schema":{"@context":"https:\/\/schema.org","@graph":[{"@type":"WebPage","@id":"https:\/\/www.nodesign.net\/en\/podcast-comment-naissent-les-objets-et-les-services-le-design-des-choses-avec-jean-louis-frechin\/","url":"https:\/\/www.nodesign.net\/en\/podcast-comment-naissent-les-objets-et-les-services-le-design-des-choses-avec-jean-louis-frechin\/","name":"Podcast FYP: Comment naissent les objets et les services ? Le design des choses avec Jean-louis Frechin - nodesign.net","isPartOf":{"@id":"https:\/\/www.nodesign.net\/en\/#website"},"primaryImageOfPage":{"@id":"https:\/\/www.nodesign.net\/en\/podcast-comment-naissent-les-objets-et-les-services-le-design-des-choses-avec-jean-louis-frechin\/#primaryimage"},"image":{"@id":"https:\/\/www.nodesign.net\/en\/podcast-comment-naissent-les-objets-et-les-services-le-design-des-choses-avec-jean-louis-frechin\/#primaryimage"},"thumbnailUrl":"https:\/\/www.nodesign.net\/wp-content\/uploads\/2024\/03\/Podcast-04-Le-design-des-choses@2x.png","datePublished":"2024-03-25T11:24:36+00:00","dateModified":"2024-03-25T11:29:37+00:00","author":{"@id":"https:\/\/www.nodesign.net\/en\/#\/schema\/person\/25e6998fd35f3e914350d0220751e31b"},"breadcrumb":{"@id":"https:\/\/www.nodesign.net\/en\/podcast-comment-naissent-les-objets-et-les-services-le-design-des-choses-avec-jean-louis-frechin\/#breadcrumb"},"inLanguage":"en-US","potentialAction":[{"@type":"ReadAction","target":["https:\/\/www.nodesign.net\/en\/podcast-comment-naissent-les-objets-et-les-services-le-design-des-choses-avec-jean-louis-frechin\/"]}]},{"@type":"ImageObject","inLanguage":"en-US","@id":"https:\/\/www.nodesign.net\/en\/podcast-comment-naissent-les-objets-et-les-services-le-design-des-choses-avec-jean-louis-frechin\/#primaryimage","url":"https:\/\/www.nodesign.net\/wp-content\/uploads\/2024\/03\/Podcast-04-Le-design-des-choses@2x.png","contentUrl":"https:\/\/www.nodesign.net\/wp-content\/uploads\/2024\/03\/Podcast-04-Le-design-des-choses@2x.png","width":2160,"height":2160},{"@type":"BreadcrumbList","@id":"https:\/\/www.nodesign.net\/en\/podcast-comment-naissent-les-objets-et-les-services-le-design-des-choses-avec-jean-louis-frechin\/#breadcrumb","itemListElement":[{"@type":"ListItem","position":1,"name":"Accueil","item":"https:\/\/www.nodesign.net\/en\/home\/"},{"@type":"ListItem","position":2,"name":"Podcast FYP: Comment naissent les objets et les services ? Le design des choses avec Jean-louis Frechin"}]},{"@type":"WebSite","@id":"https:\/\/www.nodesign.net\/en\/#website","url":"https:\/\/www.nodesign.net\/en\/","name":"nodesign.net","description":"innovation through design","potentialAction":[{"@type":"SearchAction","target":{"@type":"EntryPoint","urlTemplate":"https:\/\/www.nodesign.net\/en\/?s={search_term_string}"},"query-input":{"@type":"PropertyValueSpecification","valueRequired":true,"valueName":"search_term_string"}}],"inLanguage":"en-US"},{"@type":"Person","@id":"https:\/\/www.nodesign.net\/en\/#\/schema\/person\/25e6998fd35f3e914350d0220751e31b","name":"angelo","url":"https:\/\/www.nodesign.net\/en\/author\/angelo\/"}]}},"_links":{"self":[{"href":"https:\/\/www.nodesign.net\/en\/wp-json\/wp\/v2\/posts\/9179"}],"collection":[{"href":"https:\/\/www.nodesign.net\/en\/wp-json\/wp\/v2\/posts"}],"about":[{"href":"https:\/\/www.nodesign.net\/en\/wp-json\/wp\/v2\/types\/post"}],"author":[{"embeddable":true,"href":"https:\/\/www.nodesign.net\/en\/wp-json\/wp\/v2\/users\/3"}],"replies":[{"embeddable":true,"href":"https:\/\/www.nodesign.net\/en\/wp-json\/wp\/v2\/comments?post=9179"}],"version-history":[{"count":4,"href":"https:\/\/www.nodesign.net\/en\/wp-json\/wp\/v2\/posts\/9179\/revisions"}],"predecessor-version":[{"id":9189,"href":"https:\/\/www.nodesign.net\/en\/wp-json\/wp\/v2\/posts\/9179\/revisions\/9189"}],"wp:featuredmedia":[{"embeddable":true,"href":"https:\/\/www.nodesign.net\/en\/wp-json\/wp\/v2\/media\/9180"}],"wp:attachment":[{"href":"https:\/\/www.nodesign.net\/en\/wp-json\/wp\/v2\/media?parent=9179"}],"wp:term":[{"taxonomy":"category","embeddable":true,"href":"https:\/\/www.nodesign.net\/en\/wp-json\/wp\/v2\/categories?post=9179"},{"taxonomy":"post_tag","embeddable":true,"href":"https:\/\/www.nodesign.net\/en\/wp-json\/wp\/v2\/tags?post=9179"}],"curies":[{"name":"wp","href":"https:\/\/api.w.org\/{rel}","templated":true}]}}