{"id":8795,"date":"2023-09-12T14:28:42","date_gmt":"2023-09-12T12:28:42","guid":{"rendered":"https:\/\/www.nodesign.net\/?p=8795"},"modified":"2023-09-12T14:30:26","modified_gmt":"2023-09-12T12:30:26","slug":"nodesign-a-linstitut-francais-de-milan","status":"publish","type":"post","link":"https:\/\/www.nodesign.net\/en\/nodesign-a-linstitut-francais-de-milan\/","title":{"rendered":"NoDesign \u00e0 l&#8217;Institut Fran\u00e7ais de Milan"},"content":{"rendered":"<p>Le 26 septembre prochain, Jean-Louis Frechin et Angelo Chiacchio donneront une conf\u00e9rence \u00e0 Milan dans le cadre des recontres &#8220;Regards crois\u00e9s sur le Design France &#8211; Italie&#8221; de l&#8217;Institut Fran\u00e7ais de Milan.<br \/>\nL\u2019Institut Fran\u00e7ais de Milan, dont la direction artistique est fortement ax\u00e9e sur la valorisation du design, propose un cycle de rencontres italo-fran\u00e7aises sur le design dans sa salle de cin\u00e9ma \u201cCin\u00e9Magenta63\u201c.<br \/>\nCes rencontres gratuites, con\u00e7ues pour cr\u00e9er des dialogues en tandem, ont d\u00e9but\u00e9 en janvier 2023 et continuent tout au long de l\u2019ann\u00e9e pour\u00a0faire conna\u00eetre au public milanais des designers, des projets et des institutions fran\u00e7aises, en les confrontant aux travaux d\u2019experts italiens (en collaboration avec le Politecnico di Milano).<\/p>\n<p><strong>Infos pratiques :<\/strong><br \/>\nDate : Mardi 26 Septembre \u00e0 18h00.<br \/>\nLieu : Corso Magenta, 63, Milan, Italie.<br \/>\n<em>Entr\u00e9e Libre sur inscription<\/em><br \/>\n<div class=\"btx-item btx-button btx-button--fill btx-button-hover--brand btx-button-size--small btx-button-color--brand btx-center-position\"><a href=\"https:\/\/forms.gle\/QxjR9z2EojCkF7zz7\" class=\"btnx\" target=\"_blank\" style=\"border-radius:4px; border-width:2px;\"><i class=\"twf twf-calendar btx-icon--before\"><\/i>S&#8217;inscrire<\/a><\/div><\/p>\n<p><a href=\"https:\/\/www.institutfrancais.it\/fr\/node\/12703#\/\">https:\/\/www.institutfrancais.it\/fr\/node\/12703#\/<\/a><\/p>\n","protected":false},"excerpt":{"rendered":"<p>Regards crois\u00e9s sur le Design France-Italie. Jean-Louis Frechin et Angelo Chiacchio &#8211; 26 septembre 2023<\/p>\n","protected":false},"author":3,"featured_media":8797,"comment_status":"closed","ping_status":"closed","sticky":false,"template":"","format":"standard","meta":{"_exactmetrics_skip_tracking":false,"_exactmetrics_sitenote_active":false,"_exactmetrics_sitenote_note":"","_exactmetrics_sitenote_category":0,"footnotes":"","_links_to":"","_links_to_target":""},"categories":[15,18],"tags":[],"yoast_head":"<!-- This site is optimized with the Yoast SEO plugin v24.0 - https:\/\/yoast.com\/wordpress\/plugins\/seo\/ -->\n<title>NoDesign \u00e0 l&#039;Institut Fran\u00e7ais de Milan - nodesign.net<\/title>\n<meta name=\"robots\" content=\"index, follow, max-snippet:-1, max-image-preview:large, max-video-preview:-1\" \/>\n<link rel=\"canonical\" href=\"https:\/\/www.nodesign.net\/en\/nodesign-a-linstitut-francais-de-milan\/\" \/>\n<meta property=\"og:locale\" content=\"en_US\" \/>\n<meta property=\"og:type\" content=\"article\" \/>\n<meta property=\"og:title\" content=\"NoDesign \u00e0 l&#039;Institut Fran\u00e7ais de Milan - nodesign.net\" \/>\n<meta property=\"og:description\" content=\"Regards crois\u00e9s sur le Design France-Italie. Jean-Louis Frechin et Angelo Chiacchio - 26 septembre 2023\" \/>\n<meta property=\"og:url\" content=\"https:\/\/www.nodesign.net\/en\/nodesign-a-linstitut-francais-de-milan\/\" \/>\n<meta property=\"og:site_name\" content=\"nodesign.net\" \/>\n<meta property=\"article:published_time\" content=\"2023-09-12T12:28:42+00:00\" \/>\n<meta property=\"article:modified_time\" content=\"2023-09-12T12:30:26+00:00\" \/>\n<meta property=\"og:image\" content=\"https:\/\/www.nodesign.net\/wp-content\/uploads\/2023\/09\/Regards-croises2_Plan-de-travail-1-copie-6.jpg\" \/>\n\t<meta property=\"og:image:width\" content=\"1920\" \/>\n\t<meta property=\"og:image:height\" content=\"1080\" \/>\n\t<meta property=\"og:image:type\" content=\"image\/jpeg\" \/>\n<meta name=\"author\" content=\"angelo\" \/>\n<meta name=\"twitter:card\" content=\"summary_large_image\" \/>\n<meta name=\"twitter:label1\" content=\"Written by\" \/>\n\t<meta name=\"twitter:data1\" content=\"angelo\" \/>\n\t<meta name=\"twitter:label2\" content=\"Est. reading time\" \/>\n\t<meta name=\"twitter:data2\" content=\"1 minute\" \/>\n<script type=\"application\/ld+json\" class=\"yoast-schema-graph\">{\"@context\":\"https:\/\/schema.org\",\"@graph\":[{\"@type\":\"WebPage\",\"@id\":\"https:\/\/www.nodesign.net\/en\/nodesign-a-linstitut-francais-de-milan\/\",\"url\":\"https:\/\/www.nodesign.net\/en\/nodesign-a-linstitut-francais-de-milan\/\",\"name\":\"NoDesign \u00e0 l'Institut Fran\u00e7ais de Milan - nodesign.net\",\"isPartOf\":{\"@id\":\"https:\/\/www.nodesign.net\/en\/#website\"},\"primaryImageOfPage\":{\"@id\":\"https:\/\/www.nodesign.net\/en\/nodesign-a-linstitut-francais-de-milan\/#primaryimage\"},\"image\":{\"@id\":\"https:\/\/www.nodesign.net\/en\/nodesign-a-linstitut-francais-de-milan\/#primaryimage\"},\"thumbnailUrl\":\"https:\/\/www.nodesign.net\/wp-content\/uploads\/2023\/09\/Regards-croises2_Plan-de-travail-1-copie-6.jpg\",\"datePublished\":\"2023-09-12T12:28:42+00:00\",\"dateModified\":\"2023-09-12T12:30:26+00:00\",\"author\":{\"@id\":\"https:\/\/www.nodesign.net\/en\/#\/schema\/person\/25e6998fd35f3e914350d0220751e31b\"},\"breadcrumb\":{\"@id\":\"https:\/\/www.nodesign.net\/en\/nodesign-a-linstitut-francais-de-milan\/#breadcrumb\"},\"inLanguage\":\"en-US\",\"potentialAction\":[{\"@type\":\"ReadAction\",\"target\":[\"https:\/\/www.nodesign.net\/en\/nodesign-a-linstitut-francais-de-milan\/\"]}]},{\"@type\":\"ImageObject\",\"inLanguage\":\"en-US\",\"@id\":\"https:\/\/www.nodesign.net\/en\/nodesign-a-linstitut-francais-de-milan\/#primaryimage\",\"url\":\"https:\/\/www.nodesign.net\/wp-content\/uploads\/2023\/09\/Regards-croises2_Plan-de-travail-1-copie-6.jpg\",\"contentUrl\":\"https:\/\/www.nodesign.net\/wp-content\/uploads\/2023\/09\/Regards-croises2_Plan-de-travail-1-copie-6.jpg\",\"width\":1920,\"height\":1080},{\"@type\":\"BreadcrumbList\",\"@id\":\"https:\/\/www.nodesign.net\/en\/nodesign-a-linstitut-francais-de-milan\/#breadcrumb\",\"itemListElement\":[{\"@type\":\"ListItem\",\"position\":1,\"name\":\"Accueil\",\"item\":\"https:\/\/www.nodesign.net\/en\/home\/\"},{\"@type\":\"ListItem\",\"position\":2,\"name\":\"NoDesign \u00e0 l&rsquo;Institut Fran\u00e7ais de Milan\"}]},{\"@type\":\"WebSite\",\"@id\":\"https:\/\/www.nodesign.net\/en\/#website\",\"url\":\"https:\/\/www.nodesign.net\/en\/\",\"name\":\"nodesign.net\",\"description\":\"innovation through design\",\"potentialAction\":[{\"@type\":\"SearchAction\",\"target\":{\"@type\":\"EntryPoint\",\"urlTemplate\":\"https:\/\/www.nodesign.net\/en\/?s={search_term_string}\"},\"query-input\":{\"@type\":\"PropertyValueSpecification\",\"valueRequired\":true,\"valueName\":\"search_term_string\"}}],\"inLanguage\":\"en-US\"},{\"@type\":\"Person\",\"@id\":\"https:\/\/www.nodesign.net\/en\/#\/schema\/person\/25e6998fd35f3e914350d0220751e31b\",\"name\":\"angelo\",\"url\":\"https:\/\/www.nodesign.net\/en\/author\/angelo\/\"}]}<\/script>\n<!-- \/ Yoast SEO plugin. -->","yoast_head_json":{"title":"NoDesign \u00e0 l'Institut Fran\u00e7ais de Milan - nodesign.net","robots":{"index":"index","follow":"follow","max-snippet":"max-snippet:-1","max-image-preview":"max-image-preview:large","max-video-preview":"max-video-preview:-1"},"canonical":"https:\/\/www.nodesign.net\/en\/nodesign-a-linstitut-francais-de-milan\/","og_locale":"en_US","og_type":"article","og_title":"NoDesign \u00e0 l'Institut Fran\u00e7ais de Milan - nodesign.net","og_description":"Regards crois\u00e9s sur le Design France-Italie. Jean-Louis Frechin et Angelo Chiacchio - 26 septembre 2023","og_url":"https:\/\/www.nodesign.net\/en\/nodesign-a-linstitut-francais-de-milan\/","og_site_name":"nodesign.net","article_published_time":"2023-09-12T12:28:42+00:00","article_modified_time":"2023-09-12T12:30:26+00:00","og_image":[{"width":1920,"height":1080,"url":"https:\/\/www.nodesign.net\/wp-content\/uploads\/2023\/09\/Regards-croises2_Plan-de-travail-1-copie-6.jpg","type":"image\/jpeg"}],"author":"angelo","twitter_card":"summary_large_image","twitter_misc":{"Written by":"angelo","Est. reading time":"1 minute"},"schema":{"@context":"https:\/\/schema.org","@graph":[{"@type":"WebPage","@id":"https:\/\/www.nodesign.net\/en\/nodesign-a-linstitut-francais-de-milan\/","url":"https:\/\/www.nodesign.net\/en\/nodesign-a-linstitut-francais-de-milan\/","name":"NoDesign \u00e0 l'Institut Fran\u00e7ais de Milan - nodesign.net","isPartOf":{"@id":"https:\/\/www.nodesign.net\/en\/#website"},"primaryImageOfPage":{"@id":"https:\/\/www.nodesign.net\/en\/nodesign-a-linstitut-francais-de-milan\/#primaryimage"},"image":{"@id":"https:\/\/www.nodesign.net\/en\/nodesign-a-linstitut-francais-de-milan\/#primaryimage"},"thumbnailUrl":"https:\/\/www.nodesign.net\/wp-content\/uploads\/2023\/09\/Regards-croises2_Plan-de-travail-1-copie-6.jpg","datePublished":"2023-09-12T12:28:42+00:00","dateModified":"2023-09-12T12:30:26+00:00","author":{"@id":"https:\/\/www.nodesign.net\/en\/#\/schema\/person\/25e6998fd35f3e914350d0220751e31b"},"breadcrumb":{"@id":"https:\/\/www.nodesign.net\/en\/nodesign-a-linstitut-francais-de-milan\/#breadcrumb"},"inLanguage":"en-US","potentialAction":[{"@type":"ReadAction","target":["https:\/\/www.nodesign.net\/en\/nodesign-a-linstitut-francais-de-milan\/"]}]},{"@type":"ImageObject","inLanguage":"en-US","@id":"https:\/\/www.nodesign.net\/en\/nodesign-a-linstitut-francais-de-milan\/#primaryimage","url":"https:\/\/www.nodesign.net\/wp-content\/uploads\/2023\/09\/Regards-croises2_Plan-de-travail-1-copie-6.jpg","contentUrl":"https:\/\/www.nodesign.net\/wp-content\/uploads\/2023\/09\/Regards-croises2_Plan-de-travail-1-copie-6.jpg","width":1920,"height":1080},{"@type":"BreadcrumbList","@id":"https:\/\/www.nodesign.net\/en\/nodesign-a-linstitut-francais-de-milan\/#breadcrumb","itemListElement":[{"@type":"ListItem","position":1,"name":"Accueil","item":"https:\/\/www.nodesign.net\/en\/home\/"},{"@type":"ListItem","position":2,"name":"NoDesign \u00e0 l&rsquo;Institut Fran\u00e7ais de Milan"}]},{"@type":"WebSite","@id":"https:\/\/www.nodesign.net\/en\/#website","url":"https:\/\/www.nodesign.net\/en\/","name":"nodesign.net","description":"innovation through design","potentialAction":[{"@type":"SearchAction","target":{"@type":"EntryPoint","urlTemplate":"https:\/\/www.nodesign.net\/en\/?s={search_term_string}"},"query-input":{"@type":"PropertyValueSpecification","valueRequired":true,"valueName":"search_term_string"}}],"inLanguage":"en-US"},{"@type":"Person","@id":"https:\/\/www.nodesign.net\/en\/#\/schema\/person\/25e6998fd35f3e914350d0220751e31b","name":"angelo","url":"https:\/\/www.nodesign.net\/en\/author\/angelo\/"}]}},"_links":{"self":[{"href":"https:\/\/www.nodesign.net\/en\/wp-json\/wp\/v2\/posts\/8795"}],"collection":[{"href":"https:\/\/www.nodesign.net\/en\/wp-json\/wp\/v2\/posts"}],"about":[{"href":"https:\/\/www.nodesign.net\/en\/wp-json\/wp\/v2\/types\/post"}],"author":[{"embeddable":true,"href":"https:\/\/www.nodesign.net\/en\/wp-json\/wp\/v2\/users\/3"}],"replies":[{"embeddable":true,"href":"https:\/\/www.nodesign.net\/en\/wp-json\/wp\/v2\/comments?post=8795"}],"version-history":[{"count":3,"href":"https:\/\/www.nodesign.net\/en\/wp-json\/wp\/v2\/posts\/8795\/revisions"}],"predecessor-version":[{"id":8800,"href":"https:\/\/www.nodesign.net\/en\/wp-json\/wp\/v2\/posts\/8795\/revisions\/8800"}],"wp:featuredmedia":[{"embeddable":true,"href":"https:\/\/www.nodesign.net\/en\/wp-json\/wp\/v2\/media\/8797"}],"wp:attachment":[{"href":"https:\/\/www.nodesign.net\/en\/wp-json\/wp\/v2\/media?parent=8795"}],"wp:term":[{"taxonomy":"category","embeddable":true,"href":"https:\/\/www.nodesign.net\/en\/wp-json\/wp\/v2\/categories?post=8795"},{"taxonomy":"post_tag","embeddable":true,"href":"https:\/\/www.nodesign.net\/en\/wp-json\/wp\/v2\/tags?post=8795"}],"curies":[{"name":"wp","href":"https:\/\/api.w.org\/{rel}","templated":true}]}}