{"id":8709,"date":"2023-04-03T12:55:09","date_gmt":"2023-04-03T10:55:09","guid":{"rendered":"https:\/\/www.nodesign.net\/?p=8709"},"modified":"2023-04-11T14:21:24","modified_gmt":"2023-04-11T12:21:24","slug":"rencontre-faire-des-velos","status":"publish","type":"post","link":"https:\/\/www.nodesign.net\/en\/rencontre-faire-des-velos\/","title":{"rendered":"Rencontre &#8220;Faire des v\u00e9los&#8221; \u00e0 la Cit\u00e9 du Design de Saint-Etienne"},"content":{"rendered":"<p class=\"text_prod pbig\">\u00c0 l\u2019heure o\u00f9 le v\u00e9lo s\u2019affirme comme un moyen de transport au quotidien et o\u00f9 la fili\u00e8re de fabrication de cycles s\u2019organise en France, la Cit\u00e9 du design vous convie \u00e0 un temps fort consacr\u00e9 aux enjeux de ce renouveau. Trois conversations th\u00e9matiques r\u00e9uniront designers, artisans et industriels du cycle, associations d\u2019usagers et repr\u00e9sentants des territoires. Elles seront suivies d\u2019\u00e9changes avec le public.<\/p>\n<h4>4 avril 2023 14h00-18h00<\/h4>\n<p>Cit\u00e9 du\u00a0design\/Esadse<br \/>\n3 rue Javelin Pagnon<br \/>\n42000 Saint-\u00c9tienne<\/p>\n<p>&nbsp;<\/p>\n<h3>14h00 \u2013 Introduction<\/h3>\n<p>Marc Chassaub\u00e9n\u00e9, pr\u00e9sident de l\u2019EPCC Cit\u00e9 du design-\u00c9cole sup\u00e9rieure d\u2019art et design de Saint-\u00c9tienne<br \/>\nPatrick Guinard, pr\u00e9sident de l\u2019APIC \/ fili\u00e8re \u00e9conomique du v\u00e9lo<br \/>\nJean-Louis Frechin, fondateur de l\u2019agence NoDesign, commissaire de l\u2019exposition Bicyclette(s), faire des v\u00e9los<br \/>\n&nbsp;<\/p>\n<h3>14h30 \u2013 Conversation 1<br \/>\nL\u2019avenir du v\u00e9lo est-il une question de design ?<\/h3>\n<p>Mod\u00e9ratrice : Laurence Salmon, directrice du d\u00e9veloppement culturel et artistique, Cit\u00e9 du design<\/p>\n<p>Emmanuel Antonot, cofondateur, Moustache Bikes<br \/>\nNicolas Bara, directeur du design, Mavic<br \/>\nAmandine Baridon-Terracol, \u00e9tudiante \u00e0 l&#8217;Esadse en Master design objet<br \/>\nAnne-Ga\u00eblle Clot, consultante Mobilit\u00e9 active, engag\u00e9e au sein de l&#8217;association Femmes \u00e0 v\u00e9lo<br \/>\nLo\u00efc Le Guen, designer, agence NoDesign<br \/>\nChristophe Marx, enseignant \u00e0 l\u2019Esadse<br \/>\nRomain Thouin, designer<br \/>\n&nbsp;<\/p>\n<h3>15h30 \u2013 Conversation 2<br \/>\nFabriquer un v\u00e9lo \u00ab Made in France \u00bb, entre artisanat de luxe et enjeu industriel ?<\/h3>\n<p>Mod\u00e9rateur : Jean-Louis Frechin, agence NoDesign, commissaire de l\u2019exposition Bicyclette(s), faire des v\u00e9los<\/p>\n<p>Florence Gall, d\u00e9l\u00e9gu\u00e9e g\u00e9n\u00e9rale de la fili\u00e8re v\u00e9lo, APIC<br \/>\nF\u00e9lix Hebert, fondateur, Cyclik<br \/>\nAymeric Le Brun, dirigeant, Cyfac<br \/>\nThomas Lecompte, co-fondateur de Milc Industry<br \/>\nJulien Leyreloup, fondateur, Victoire Cycles<br \/>\nJ\u00e9rome Mortal, pr\u00e9sident et co-fondateur, Ultima Mobility<br \/>\nChristophe Rosenstiel, dirigeant, Kiffy<br \/>\n&nbsp;<\/p>\n<h3>16h30 \u2013 Conversation 3<br \/>\nFaire du v\u00e9lo, \u00e0 la conqu\u00eate des villes et du p\u00e9riurbain ?<\/h3>\n<p>Mod\u00e9ratrice : Marie de Parseval Stephan, coordinatrice Mobilit\u00e9s Actives et partag\u00e9es, ADEME<\/p>\n<p>Guillaume Gouffier-Valente, d\u00e9put\u00e9 du Val-de-Marne, auteur du rapport parlementaire sur la Fili\u00e8re \u00e9conomique du v\u00e9lo (2022), copr\u00e9sident du Club des \u00e9lus nationaux pour le v\u00e9lo<br \/>\nAmira Haberah, cofondatrice et directrice marketing &amp; commerciale, Fifteen<br \/>\nIsabelle Mari, directrice des projets strat\u00e9giques et de l\u2019innovation usagers, JCDecaux<br \/>\nCatherine Pilon, secr\u00e9taire g\u00e9n\u00e9rale, Club des Villes et territoires cyclables et marchables<br \/>\nCorinne Verdier, dirigeante, Altinnova<br \/>\n&nbsp;<\/p>\n<h3>17h30 \u2013 Synth\u00e8se \/ Grand t\u00e9moin<\/h3>\n<p>Fr\u00e9d\u00e9ric H\u00e9ran, ma\u00eetre de conf\u00e9rences \u00e0 l\u2019Universit\u00e9 de Lille et chercheur au Clers\u00e9 (Centre lillois d&#8217;\u00e9tudes et de recherches sociologiques et \u00e9conomiques)<br \/>\n&nbsp;<br \/>\nUn \u00e9v\u00e9nement soutenu par<strong>\u00a0l\u2019APIC \/ fili\u00e8re \u00e9conomique du v\u00e9lo\u00a0<\/strong>et<strong>\u00a0l&#8217;ADEME \/ Agence de la Transition \u00e9cologique<\/strong><\/p>\n<div class=\"btx-item btx-button btx-button--fill btx-button-hover--brand btx-button-size--small btx-button-color--brand btx-left-position\"><a href=\"https:\/\/www.youtube.com\/watch?v=5U9VgBrTHvk\" class=\"btnx\" target=\"_self\" style=\"border-radius:4px; border-width:2px;\">Voir le replay<\/a><\/div>\n","protected":false},"excerpt":{"rendered":"<p>Conversations th\u00e9matiques autour du cycle le 4 avril 2023 de 14h \u00e0 18h<\/p>\n","protected":false},"author":3,"featured_media":8710,"comment_status":"closed","ping_status":"closed","sticky":false,"template":"","format":"standard","meta":{"_exactmetrics_skip_tracking":false,"_exactmetrics_sitenote_active":false,"_exactmetrics_sitenote_note":"","_exactmetrics_sitenote_category":0,"footnotes":"","_links_to":"","_links_to_target":""},"categories":[8,18,24],"tags":[],"yoast_head":"<!-- This site is optimized with the Yoast SEO plugin v24.0 - https:\/\/yoast.com\/wordpress\/plugins\/seo\/ -->\n<title>Rencontre &quot;Faire des v\u00e9los&quot; \u00e0 la Cit\u00e9 du Design de Saint-Etienne - nodesign.net<\/title>\n<meta name=\"description\" content=\"Conversations th\u00e9matiques autour du cycle le 4 avril 2023 de 14h \u00e0 18h.\" \/>\n<meta name=\"robots\" content=\"index, follow, max-snippet:-1, max-image-preview:large, max-video-preview:-1\" \/>\n<link rel=\"canonical\" href=\"https:\/\/www.nodesign.net\/en\/rencontre-faire-des-velos\/\" \/>\n<meta property=\"og:locale\" content=\"en_US\" \/>\n<meta property=\"og:type\" content=\"article\" \/>\n<meta property=\"og:title\" content=\"Rencontre &quot;Faire des v\u00e9los&quot; \u00e0 la Cit\u00e9 du Design de Saint-Etienne - nodesign.net\" \/>\n<meta property=\"og:description\" content=\"Conversations th\u00e9matiques autour du cycle le 4 avril 2023 de 14h \u00e0 18h.\" \/>\n<meta property=\"og:url\" content=\"https:\/\/www.nodesign.net\/en\/rencontre-faire-des-velos\/\" \/>\n<meta property=\"og:site_name\" content=\"nodesign.net\" \/>\n<meta property=\"article:published_time\" content=\"2023-04-03T10:55:09+00:00\" \/>\n<meta property=\"article:modified_time\" content=\"2023-04-11T12:21:24+00:00\" \/>\n<meta property=\"og:image\" content=\"https:\/\/www.nodesign.net\/wp-content\/uploads\/2023\/04\/site_63f77adae3273.jpg\" \/>\n\t<meta property=\"og:image:width\" content=\"500\" \/>\n\t<meta property=\"og:image:height\" content=\"700\" \/>\n\t<meta property=\"og:image:type\" content=\"image\/jpeg\" \/>\n<meta name=\"author\" content=\"angelo\" \/>\n<meta name=\"twitter:card\" content=\"summary_large_image\" \/>\n<meta name=\"twitter:label1\" content=\"Written by\" \/>\n\t<meta name=\"twitter:data1\" content=\"angelo\" \/>\n\t<meta name=\"twitter:label2\" content=\"Est. reading time\" \/>\n\t<meta name=\"twitter:data2\" content=\"2 minutes\" \/>\n<script type=\"application\/ld+json\" class=\"yoast-schema-graph\">{\"@context\":\"https:\/\/schema.org\",\"@graph\":[{\"@type\":\"WebPage\",\"@id\":\"https:\/\/www.nodesign.net\/en\/rencontre-faire-des-velos\/\",\"url\":\"https:\/\/www.nodesign.net\/en\/rencontre-faire-des-velos\/\",\"name\":\"Rencontre \\\"Faire des v\u00e9los\\\" \u00e0 la Cit\u00e9 du Design de Saint-Etienne - nodesign.net\",\"isPartOf\":{\"@id\":\"https:\/\/www.nodesign.net\/en\/#website\"},\"primaryImageOfPage\":{\"@id\":\"https:\/\/www.nodesign.net\/en\/rencontre-faire-des-velos\/#primaryimage\"},\"image\":{\"@id\":\"https:\/\/www.nodesign.net\/en\/rencontre-faire-des-velos\/#primaryimage\"},\"thumbnailUrl\":\"https:\/\/www.nodesign.net\/wp-content\/uploads\/2023\/04\/site_63f77adae3273.jpg\",\"datePublished\":\"2023-04-03T10:55:09+00:00\",\"dateModified\":\"2023-04-11T12:21:24+00:00\",\"author\":{\"@id\":\"https:\/\/www.nodesign.net\/en\/#\/schema\/person\/25e6998fd35f3e914350d0220751e31b\"},\"description\":\"Conversations th\u00e9matiques autour du cycle le 4 avril 2023 de 14h \u00e0 18h.\",\"breadcrumb\":{\"@id\":\"https:\/\/www.nodesign.net\/en\/rencontre-faire-des-velos\/#breadcrumb\"},\"inLanguage\":\"en-US\",\"potentialAction\":[{\"@type\":\"ReadAction\",\"target\":[\"https:\/\/www.nodesign.net\/en\/rencontre-faire-des-velos\/\"]}]},{\"@type\":\"ImageObject\",\"inLanguage\":\"en-US\",\"@id\":\"https:\/\/www.nodesign.net\/en\/rencontre-faire-des-velos\/#primaryimage\",\"url\":\"https:\/\/www.nodesign.net\/wp-content\/uploads\/2023\/04\/site_63f77adae3273.jpg\",\"contentUrl\":\"https:\/\/www.nodesign.net\/wp-content\/uploads\/2023\/04\/site_63f77adae3273.jpg\",\"width\":500,\"height\":700,\"caption\":\"Faire des v\u00e9los\"},{\"@type\":\"BreadcrumbList\",\"@id\":\"https:\/\/www.nodesign.net\/en\/rencontre-faire-des-velos\/#breadcrumb\",\"itemListElement\":[{\"@type\":\"ListItem\",\"position\":1,\"name\":\"Accueil\",\"item\":\"https:\/\/www.nodesign.net\/en\/home\/\"},{\"@type\":\"ListItem\",\"position\":2,\"name\":\"Rencontre \u00ab\u00a0Faire des v\u00e9los\u00a0\u00bb \u00e0 la Cit\u00e9 du Design de Saint-Etienne\"}]},{\"@type\":\"WebSite\",\"@id\":\"https:\/\/www.nodesign.net\/en\/#website\",\"url\":\"https:\/\/www.nodesign.net\/en\/\",\"name\":\"nodesign.net\",\"description\":\"innovation through design\",\"potentialAction\":[{\"@type\":\"SearchAction\",\"target\":{\"@type\":\"EntryPoint\",\"urlTemplate\":\"https:\/\/www.nodesign.net\/en\/?s={search_term_string}\"},\"query-input\":{\"@type\":\"PropertyValueSpecification\",\"valueRequired\":true,\"valueName\":\"search_term_string\"}}],\"inLanguage\":\"en-US\"},{\"@type\":\"Person\",\"@id\":\"https:\/\/www.nodesign.net\/en\/#\/schema\/person\/25e6998fd35f3e914350d0220751e31b\",\"name\":\"angelo\",\"url\":\"https:\/\/www.nodesign.net\/en\/author\/angelo\/\"}]}<\/script>\n<!-- \/ Yoast SEO plugin. -->","yoast_head_json":{"title":"Rencontre \"Faire des v\u00e9los\" \u00e0 la Cit\u00e9 du Design de Saint-Etienne - nodesign.net","description":"Conversations th\u00e9matiques autour du cycle le 4 avril 2023 de 14h \u00e0 18h.","robots":{"index":"index","follow":"follow","max-snippet":"max-snippet:-1","max-image-preview":"max-image-preview:large","max-video-preview":"max-video-preview:-1"},"canonical":"https:\/\/www.nodesign.net\/en\/rencontre-faire-des-velos\/","og_locale":"en_US","og_type":"article","og_title":"Rencontre \"Faire des v\u00e9los\" \u00e0 la Cit\u00e9 du Design de Saint-Etienne - nodesign.net","og_description":"Conversations th\u00e9matiques autour du cycle le 4 avril 2023 de 14h \u00e0 18h.","og_url":"https:\/\/www.nodesign.net\/en\/rencontre-faire-des-velos\/","og_site_name":"nodesign.net","article_published_time":"2023-04-03T10:55:09+00:00","article_modified_time":"2023-04-11T12:21:24+00:00","og_image":[{"width":500,"height":700,"url":"https:\/\/www.nodesign.net\/wp-content\/uploads\/2023\/04\/site_63f77adae3273.jpg","type":"image\/jpeg"}],"author":"angelo","twitter_card":"summary_large_image","twitter_misc":{"Written by":"angelo","Est. reading time":"2 minutes"},"schema":{"@context":"https:\/\/schema.org","@graph":[{"@type":"WebPage","@id":"https:\/\/www.nodesign.net\/en\/rencontre-faire-des-velos\/","url":"https:\/\/www.nodesign.net\/en\/rencontre-faire-des-velos\/","name":"Rencontre \"Faire des v\u00e9los\" \u00e0 la Cit\u00e9 du Design de Saint-Etienne - nodesign.net","isPartOf":{"@id":"https:\/\/www.nodesign.net\/en\/#website"},"primaryImageOfPage":{"@id":"https:\/\/www.nodesign.net\/en\/rencontre-faire-des-velos\/#primaryimage"},"image":{"@id":"https:\/\/www.nodesign.net\/en\/rencontre-faire-des-velos\/#primaryimage"},"thumbnailUrl":"https:\/\/www.nodesign.net\/wp-content\/uploads\/2023\/04\/site_63f77adae3273.jpg","datePublished":"2023-04-03T10:55:09+00:00","dateModified":"2023-04-11T12:21:24+00:00","author":{"@id":"https:\/\/www.nodesign.net\/en\/#\/schema\/person\/25e6998fd35f3e914350d0220751e31b"},"description":"Conversations th\u00e9matiques autour du cycle le 4 avril 2023 de 14h \u00e0 18h.","breadcrumb":{"@id":"https:\/\/www.nodesign.net\/en\/rencontre-faire-des-velos\/#breadcrumb"},"inLanguage":"en-US","potentialAction":[{"@type":"ReadAction","target":["https:\/\/www.nodesign.net\/en\/rencontre-faire-des-velos\/"]}]},{"@type":"ImageObject","inLanguage":"en-US","@id":"https:\/\/www.nodesign.net\/en\/rencontre-faire-des-velos\/#primaryimage","url":"https:\/\/www.nodesign.net\/wp-content\/uploads\/2023\/04\/site_63f77adae3273.jpg","contentUrl":"https:\/\/www.nodesign.net\/wp-content\/uploads\/2023\/04\/site_63f77adae3273.jpg","width":500,"height":700,"caption":"Faire des v\u00e9los"},{"@type":"BreadcrumbList","@id":"https:\/\/www.nodesign.net\/en\/rencontre-faire-des-velos\/#breadcrumb","itemListElement":[{"@type":"ListItem","position":1,"name":"Accueil","item":"https:\/\/www.nodesign.net\/en\/home\/"},{"@type":"ListItem","position":2,"name":"Rencontre \u00ab\u00a0Faire des v\u00e9los\u00a0\u00bb \u00e0 la Cit\u00e9 du Design de Saint-Etienne"}]},{"@type":"WebSite","@id":"https:\/\/www.nodesign.net\/en\/#website","url":"https:\/\/www.nodesign.net\/en\/","name":"nodesign.net","description":"innovation through design","potentialAction":[{"@type":"SearchAction","target":{"@type":"EntryPoint","urlTemplate":"https:\/\/www.nodesign.net\/en\/?s={search_term_string}"},"query-input":{"@type":"PropertyValueSpecification","valueRequired":true,"valueName":"search_term_string"}}],"inLanguage":"en-US"},{"@type":"Person","@id":"https:\/\/www.nodesign.net\/en\/#\/schema\/person\/25e6998fd35f3e914350d0220751e31b","name":"angelo","url":"https:\/\/www.nodesign.net\/en\/author\/angelo\/"}]}},"_links":{"self":[{"href":"https:\/\/www.nodesign.net\/en\/wp-json\/wp\/v2\/posts\/8709"}],"collection":[{"href":"https:\/\/www.nodesign.net\/en\/wp-json\/wp\/v2\/posts"}],"about":[{"href":"https:\/\/www.nodesign.net\/en\/wp-json\/wp\/v2\/types\/post"}],"author":[{"embeddable":true,"href":"https:\/\/www.nodesign.net\/en\/wp-json\/wp\/v2\/users\/3"}],"replies":[{"embeddable":true,"href":"https:\/\/www.nodesign.net\/en\/wp-json\/wp\/v2\/comments?post=8709"}],"version-history":[{"count":0,"href":"https:\/\/www.nodesign.net\/en\/wp-json\/wp\/v2\/posts\/8709\/revisions"}],"wp:featuredmedia":[{"embeddable":true,"href":"https:\/\/www.nodesign.net\/en\/wp-json\/wp\/v2\/media\/8710"}],"wp:attachment":[{"href":"https:\/\/www.nodesign.net\/en\/wp-json\/wp\/v2\/media?parent=8709"}],"wp:term":[{"taxonomy":"category","embeddable":true,"href":"https:\/\/www.nodesign.net\/en\/wp-json\/wp\/v2\/categories?post=8709"},{"taxonomy":"post_tag","embeddable":true,"href":"https:\/\/www.nodesign.net\/en\/wp-json\/wp\/v2\/tags?post=8709"}],"curies":[{"name":"wp","href":"https:\/\/api.w.org\/{rel}","templated":true}]}}