{"id":7881,"date":"2022-04-07T12:41:22","date_gmt":"2022-04-07T10:41:22","guid":{"rendered":"https:\/\/www.nodesign.net\/?p=7881"},"modified":"2022-04-07T12:41:22","modified_gmt":"2022-04-07T10:41:22","slug":"designers-du-design-au-costa-rica","status":"publish","type":"post","link":"https:\/\/www.nodesign.net\/en\/designers-du-design-au-costa-rica\/","title":{"rendered":"Designer(s) du design au Costa Rica"},"content":{"rendered":"<div>Nous sommes ravis de vous annoncer l\u2019itin\u00e9rance de l\u2019exposition Designer(s) du design \u00e0 San Jos\u00e9, Costa Rica dans le cadre de la \u00ab\u00a0Semana del Dise\u00f1o Costa Rica, (SDCR)\u00a0\u00bb.<\/div>\n<div><\/div>\n<div>Une s\u00e9lection transversale de projets et vid\u00e9os initialement pr\u00e9sent\u00e9s lors de Lille M\u00e9tropole 2020, Capitale mondiale du design sont actuellement visibles \u00e0 l\u2019Alliance Fran\u00e7aise du Costa Rica, jusqu\u2019au 9 avril.<\/div>\n<div>Retrouvez les projets d\u2019Anne Asensio (Dassault Syst\u00e8mes), Patrick Jouin, Ruedi Baur, Etienne Mineur, ICI La Lune, Claire Eliot, Adrien Husson, NoDesign, FIGS, GRRR, Faltazi, Isabelle Da\u00ebron, Maria-Laura Mendez.<\/div>\n<div><\/div>\n<div>Commissariat par NoDesign, production D\u00e9l\u00e9gu\u00e9e APCI, avec le soutien de l\u2019ambassade de France au Costa Rica.<\/div>\n<div><\/div>\n<div>Infos Pratiques :<\/div>\n<div>Entr\u00e9e Gratuite<\/div>\n<div><\/div>\n<div>Alianza Francesa, Av. 7 &#8211; Calle 5, 200 m.oeste del INS,<\/div>\n<div>San Jos\u00e9, Costa Rica<\/div>\n<div><\/div>\n<div>Du 24 mars au 9 avril 2022<\/div>\n","protected":false},"excerpt":{"rendered":"<p>L\u2019exposition Designer(s) du design \u00e0 San Jos\u00e9, Costa Rica dans le cadre de la \u00ab\u00a0Semana del Dise\u00f1o Costa Rica, (SDCR)\u00a0\u00bb.<\/p>\n","protected":false},"author":3,"featured_media":7882,"comment_status":"closed","ping_status":"closed","sticky":false,"template":"","format":"standard","meta":{"_exactmetrics_skip_tracking":false,"_exactmetrics_sitenote_active":false,"_exactmetrics_sitenote_note":"","_exactmetrics_sitenote_category":0,"footnotes":"","_links_to":"","_links_to_target":""},"categories":[8,18,24],"tags":[],"yoast_head":"<!-- This site is optimized with the Yoast SEO plugin v24.0 - https:\/\/yoast.com\/wordpress\/plugins\/seo\/ -->\n<title>Designer(s) du design au Costa Rica - nodesign.net<\/title>\n<meta name=\"robots\" content=\"index, follow, max-snippet:-1, max-image-preview:large, max-video-preview:-1\" \/>\n<link rel=\"canonical\" href=\"https:\/\/www.nodesign.net\/en\/designers-du-design-au-costa-rica\/\" \/>\n<meta property=\"og:locale\" content=\"en_US\" \/>\n<meta property=\"og:type\" content=\"article\" \/>\n<meta property=\"og:title\" content=\"Designer(s) du design au Costa Rica - nodesign.net\" \/>\n<meta property=\"og:description\" content=\"L\u2019exposition Designer(s) du design \u00e0 San Jos\u00e9, Costa Rica dans le cadre de la \u00ab\u00a0Semana del Dise\u00f1o Costa Rica, (SDCR)\u00a0\u00bb.\" \/>\n<meta property=\"og:url\" content=\"https:\/\/www.nodesign.net\/en\/designers-du-design-au-costa-rica\/\" \/>\n<meta property=\"og:site_name\" content=\"nodesign.net\" \/>\n<meta property=\"article:published_time\" content=\"2022-04-07T10:41:22+00:00\" \/>\n<meta property=\"og:image\" content=\"https:\/\/www.nodesign.net\/wp-content\/uploads\/2022\/04\/DDD-costarica.jpg\" \/>\n\t<meta property=\"og:image:width\" content=\"1920\" \/>\n\t<meta property=\"og:image:height\" content=\"1280\" \/>\n\t<meta property=\"og:image:type\" content=\"image\/jpeg\" \/>\n<meta name=\"author\" content=\"angelo\" \/>\n<meta name=\"twitter:card\" content=\"summary_large_image\" \/>\n<meta name=\"twitter:label1\" content=\"Written by\" \/>\n\t<meta name=\"twitter:data1\" content=\"angelo\" \/>\n\t<meta name=\"twitter:label2\" content=\"Est. reading time\" \/>\n\t<meta name=\"twitter:data2\" content=\"1 minute\" \/>\n<script type=\"application\/ld+json\" class=\"yoast-schema-graph\">{\"@context\":\"https:\/\/schema.org\",\"@graph\":[{\"@type\":\"WebPage\",\"@id\":\"https:\/\/www.nodesign.net\/en\/designers-du-design-au-costa-rica\/\",\"url\":\"https:\/\/www.nodesign.net\/en\/designers-du-design-au-costa-rica\/\",\"name\":\"Designer(s) du design au Costa Rica - nodesign.net\",\"isPartOf\":{\"@id\":\"https:\/\/www.nodesign.net\/en\/#website\"},\"primaryImageOfPage\":{\"@id\":\"https:\/\/www.nodesign.net\/en\/designers-du-design-au-costa-rica\/#primaryimage\"},\"image\":{\"@id\":\"https:\/\/www.nodesign.net\/en\/designers-du-design-au-costa-rica\/#primaryimage\"},\"thumbnailUrl\":\"https:\/\/www.nodesign.net\/wp-content\/uploads\/2022\/04\/DDD-costarica.jpg\",\"datePublished\":\"2022-04-07T10:41:22+00:00\",\"dateModified\":\"2022-04-07T10:41:22+00:00\",\"author\":{\"@id\":\"https:\/\/www.nodesign.net\/en\/#\/schema\/person\/25e6998fd35f3e914350d0220751e31b\"},\"breadcrumb\":{\"@id\":\"https:\/\/www.nodesign.net\/en\/designers-du-design-au-costa-rica\/#breadcrumb\"},\"inLanguage\":\"en-US\",\"potentialAction\":[{\"@type\":\"ReadAction\",\"target\":[\"https:\/\/www.nodesign.net\/en\/designers-du-design-au-costa-rica\/\"]}]},{\"@type\":\"ImageObject\",\"inLanguage\":\"en-US\",\"@id\":\"https:\/\/www.nodesign.net\/en\/designers-du-design-au-costa-rica\/#primaryimage\",\"url\":\"https:\/\/www.nodesign.net\/wp-content\/uploads\/2022\/04\/DDD-costarica.jpg\",\"contentUrl\":\"https:\/\/www.nodesign.net\/wp-content\/uploads\/2022\/04\/DDD-costarica.jpg\",\"width\":1920,\"height\":1280},{\"@type\":\"BreadcrumbList\",\"@id\":\"https:\/\/www.nodesign.net\/en\/designers-du-design-au-costa-rica\/#breadcrumb\",\"itemListElement\":[{\"@type\":\"ListItem\",\"position\":1,\"name\":\"Accueil\",\"item\":\"https:\/\/www.nodesign.net\/en\/home\/\"},{\"@type\":\"ListItem\",\"position\":2,\"name\":\"Designer(s) du design au Costa Rica\"}]},{\"@type\":\"WebSite\",\"@id\":\"https:\/\/www.nodesign.net\/en\/#website\",\"url\":\"https:\/\/www.nodesign.net\/en\/\",\"name\":\"nodesign.net\",\"description\":\"innovation through design\",\"potentialAction\":[{\"@type\":\"SearchAction\",\"target\":{\"@type\":\"EntryPoint\",\"urlTemplate\":\"https:\/\/www.nodesign.net\/en\/?s={search_term_string}\"},\"query-input\":{\"@type\":\"PropertyValueSpecification\",\"valueRequired\":true,\"valueName\":\"search_term_string\"}}],\"inLanguage\":\"en-US\"},{\"@type\":\"Person\",\"@id\":\"https:\/\/www.nodesign.net\/en\/#\/schema\/person\/25e6998fd35f3e914350d0220751e31b\",\"name\":\"angelo\",\"url\":\"https:\/\/www.nodesign.net\/en\/author\/angelo\/\"}]}<\/script>\n<!-- \/ Yoast SEO plugin. -->","yoast_head_json":{"title":"Designer(s) du design au Costa Rica - nodesign.net","robots":{"index":"index","follow":"follow","max-snippet":"max-snippet:-1","max-image-preview":"max-image-preview:large","max-video-preview":"max-video-preview:-1"},"canonical":"https:\/\/www.nodesign.net\/en\/designers-du-design-au-costa-rica\/","og_locale":"en_US","og_type":"article","og_title":"Designer(s) du design au Costa Rica - nodesign.net","og_description":"L\u2019exposition Designer(s) du design \u00e0 San Jos\u00e9, Costa Rica dans le cadre de la \u00ab\u00a0Semana del Dise\u00f1o Costa Rica, (SDCR)\u00a0\u00bb.","og_url":"https:\/\/www.nodesign.net\/en\/designers-du-design-au-costa-rica\/","og_site_name":"nodesign.net","article_published_time":"2022-04-07T10:41:22+00:00","og_image":[{"width":1920,"height":1280,"url":"https:\/\/www.nodesign.net\/wp-content\/uploads\/2022\/04\/DDD-costarica.jpg","type":"image\/jpeg"}],"author":"angelo","twitter_card":"summary_large_image","twitter_misc":{"Written by":"angelo","Est. reading time":"1 minute"},"schema":{"@context":"https:\/\/schema.org","@graph":[{"@type":"WebPage","@id":"https:\/\/www.nodesign.net\/en\/designers-du-design-au-costa-rica\/","url":"https:\/\/www.nodesign.net\/en\/designers-du-design-au-costa-rica\/","name":"Designer(s) du design au Costa Rica - nodesign.net","isPartOf":{"@id":"https:\/\/www.nodesign.net\/en\/#website"},"primaryImageOfPage":{"@id":"https:\/\/www.nodesign.net\/en\/designers-du-design-au-costa-rica\/#primaryimage"},"image":{"@id":"https:\/\/www.nodesign.net\/en\/designers-du-design-au-costa-rica\/#primaryimage"},"thumbnailUrl":"https:\/\/www.nodesign.net\/wp-content\/uploads\/2022\/04\/DDD-costarica.jpg","datePublished":"2022-04-07T10:41:22+00:00","dateModified":"2022-04-07T10:41:22+00:00","author":{"@id":"https:\/\/www.nodesign.net\/en\/#\/schema\/person\/25e6998fd35f3e914350d0220751e31b"},"breadcrumb":{"@id":"https:\/\/www.nodesign.net\/en\/designers-du-design-au-costa-rica\/#breadcrumb"},"inLanguage":"en-US","potentialAction":[{"@type":"ReadAction","target":["https:\/\/www.nodesign.net\/en\/designers-du-design-au-costa-rica\/"]}]},{"@type":"ImageObject","inLanguage":"en-US","@id":"https:\/\/www.nodesign.net\/en\/designers-du-design-au-costa-rica\/#primaryimage","url":"https:\/\/www.nodesign.net\/wp-content\/uploads\/2022\/04\/DDD-costarica.jpg","contentUrl":"https:\/\/www.nodesign.net\/wp-content\/uploads\/2022\/04\/DDD-costarica.jpg","width":1920,"height":1280},{"@type":"BreadcrumbList","@id":"https:\/\/www.nodesign.net\/en\/designers-du-design-au-costa-rica\/#breadcrumb","itemListElement":[{"@type":"ListItem","position":1,"name":"Accueil","item":"https:\/\/www.nodesign.net\/en\/home\/"},{"@type":"ListItem","position":2,"name":"Designer(s) du design au Costa Rica"}]},{"@type":"WebSite","@id":"https:\/\/www.nodesign.net\/en\/#website","url":"https:\/\/www.nodesign.net\/en\/","name":"nodesign.net","description":"innovation through design","potentialAction":[{"@type":"SearchAction","target":{"@type":"EntryPoint","urlTemplate":"https:\/\/www.nodesign.net\/en\/?s={search_term_string}"},"query-input":{"@type":"PropertyValueSpecification","valueRequired":true,"valueName":"search_term_string"}}],"inLanguage":"en-US"},{"@type":"Person","@id":"https:\/\/www.nodesign.net\/en\/#\/schema\/person\/25e6998fd35f3e914350d0220751e31b","name":"angelo","url":"https:\/\/www.nodesign.net\/en\/author\/angelo\/"}]}},"_links":{"self":[{"href":"https:\/\/www.nodesign.net\/en\/wp-json\/wp\/v2\/posts\/7881"}],"collection":[{"href":"https:\/\/www.nodesign.net\/en\/wp-json\/wp\/v2\/posts"}],"about":[{"href":"https:\/\/www.nodesign.net\/en\/wp-json\/wp\/v2\/types\/post"}],"author":[{"embeddable":true,"href":"https:\/\/www.nodesign.net\/en\/wp-json\/wp\/v2\/users\/3"}],"replies":[{"embeddable":true,"href":"https:\/\/www.nodesign.net\/en\/wp-json\/wp\/v2\/comments?post=7881"}],"version-history":[{"count":0,"href":"https:\/\/www.nodesign.net\/en\/wp-json\/wp\/v2\/posts\/7881\/revisions"}],"wp:featuredmedia":[{"embeddable":true,"href":"https:\/\/www.nodesign.net\/en\/wp-json\/wp\/v2\/media\/7882"}],"wp:attachment":[{"href":"https:\/\/www.nodesign.net\/en\/wp-json\/wp\/v2\/media?parent=7881"}],"wp:term":[{"taxonomy":"category","embeddable":true,"href":"https:\/\/www.nodesign.net\/en\/wp-json\/wp\/v2\/categories?post=7881"},{"taxonomy":"post_tag","embeddable":true,"href":"https:\/\/www.nodesign.net\/en\/wp-json\/wp\/v2\/tags?post=7881"}],"curies":[{"name":"wp","href":"https:\/\/api.w.org\/{rel}","templated":true}]}}