{"id":7852,"date":"2022-01-25T17:26:07","date_gmt":"2022-01-25T16:26:07","guid":{"rendered":"https:\/\/www.nodesign.net\/?p=7852"},"modified":"2022-01-25T17:26:07","modified_gmt":"2022-01-25T16:26:07","slug":"nodesign-au-saudi-design-festival","status":"publish","type":"post","link":"https:\/\/www.nodesign.net\/en\/nodesign-au-saudi-design-festival\/","title":{"rendered":"Nodesign au Saudi Design Festival"},"content":{"rendered":"<p>En occasion du Saudi Desig Festival qui aura lieu \u00e0 Riyadh du 10 au 31 janvier 2022, Jean-Louis Frechin et Angelo Chiacchio pr\u00e9senterons trois \u00e9v\u00e9nements.<\/p>\n<p class=\"p1\"><b>Masterclass: \u201cExplorer de nouveaux territoires\u201d<br \/>\n<\/b>NoDesign est un studio de design multi-prim\u00e9, pionnier du design num\u00e9rique et de l&#8217;innovation en France. \u00c0 travers une s\u00e9lection de projets issus du portfolio de l\u2019agence, d\u00e9couvrez comment le Design peut \u00eatre un v\u00e9ritable outil pour aider les grandes entreprises, les startups et les institutions \u00e0 explorer de nouveaux territoires.<\/p>\n<p class=\"p1\"><b>Keynote: \u201cDesigner(s) du Design\u201d<br \/>\n<\/b>\u00ab Designer(s) de Design \u00bb est une exposition qui a pour objectif de dessiner le paysage, la diversit\u00e9, les \u00e9volutions et les propositions du design fran\u00e7ais,<span class=\"Apple-converted-space\">\u00a0 <\/span>des designers et de leurs projets.<span class=\"Apple-converted-space\"><br \/>\n<\/span>Les cr\u00e9ateurs que vous allez d\u00e9couvrir illustrent l&#8217;esprit universel fran\u00e7ais, car ils sont \u00e0 la fois cr\u00e9ateurs et auteurs &#8211; ils ont des propositions \u00e0 faire -, cr\u00e9ateurs impliqu\u00e9s &#8211; ils veulent les partager avec le plus grand nombre -, et transmetteurs &#8211; ils ont enseign\u00e9, form\u00e9, \u00e9duqu\u00e9 ou inspir\u00e9 les g\u00e9n\u00e9rations suivantes.<br \/>\nImagin\u00e9e par NoDesign, cette exposition pr\u00e9sente les mani\u00e8res dont les designers cr\u00e9ent, s&#8217;impliquent, transmettent et produisent dans une diversit\u00e9 de pratiques creative, durable et humaniste.<\/p>\n<p class=\"p1\"><b>Revue de portfolio : \u00ab Venez comme vous \u00eates \u00bb<br \/>\n<\/b>Vous avez des doutes sur comment mieux pr\u00e9senter votre travail ou sur la voie \u00e0 suivre dans votre carri\u00e8re ? Peu importe si vous \u00eates un jeune dipl\u00f4m\u00e9 en design industriel, un architecte, un doctorat ou un ing\u00e9nieur cr\u00e9atif. Venez comme vous \u00eates et apportez vos meilleurs projets et ambitions ! Ensemble, nous trouverons la meilleure fa\u00e7on de les pr\u00e9senter et d&#8217;ouvrir la voie \u00e0 une carri\u00e8re r\u00e9ussie et \u00e9panouissante.<\/p>\n<p>Pour plus d&#8217;informations: https:\/\/www.saudidesignfestival.com\/<\/p>\n","protected":false},"excerpt":{"rendered":"<p>Jean-Louis Frechin et Angelo Chiacchio invit\u00e9s\u00a0\u00e0 pr\u00e9senter le travail de NoDesign et l&#8217;exposition Designer(s) du Design \u00e0 Ryhad<\/p>\n","protected":false},"author":3,"featured_media":7854,"comment_status":"closed","ping_status":"closed","sticky":false,"template":"","format":"standard","meta":{"_exactmetrics_skip_tracking":false,"_exactmetrics_sitenote_active":false,"_exactmetrics_sitenote_note":"","_exactmetrics_sitenote_category":0,"footnotes":"","_links_to":"","_links_to_target":""},"categories":[8,15,18],"tags":[],"yoast_head":"<!-- This site is optimized with the Yoast SEO plugin v24.0 - https:\/\/yoast.com\/wordpress\/plugins\/seo\/ -->\n<title>Nodesign au Saudi Design Festival - nodesign.net<\/title>\n<meta name=\"robots\" content=\"index, follow, max-snippet:-1, max-image-preview:large, max-video-preview:-1\" \/>\n<link rel=\"canonical\" href=\"https:\/\/www.nodesign.net\/en\/nodesign-au-saudi-design-festival\/\" \/>\n<meta property=\"og:locale\" content=\"en_US\" \/>\n<meta property=\"og:type\" content=\"article\" \/>\n<meta property=\"og:title\" content=\"Nodesign au Saudi Design Festival - nodesign.net\" \/>\n<meta property=\"og:description\" content=\"Jean-Louis Frechin et Angelo Chiacchio invit\u00e9s\u00a0\u00e0 pr\u00e9senter le travail de NoDesign et l&#039;exposition Designer(s) du Design \u00e0 Ryhad\" \/>\n<meta property=\"og:url\" content=\"https:\/\/www.nodesign.net\/en\/nodesign-au-saudi-design-festival\/\" \/>\n<meta property=\"og:site_name\" content=\"nodesign.net\" \/>\n<meta property=\"article:published_time\" content=\"2022-01-25T16:26:07+00:00\" \/>\n<meta property=\"og:image\" content=\"https:\/\/www.nodesign.net\/wp-content\/uploads\/2022\/01\/SDF2022.jpg\" \/>\n\t<meta property=\"og:image:width\" content=\"1301\" \/>\n\t<meta property=\"og:image:height\" content=\"491\" \/>\n\t<meta property=\"og:image:type\" content=\"image\/jpeg\" \/>\n<meta name=\"author\" content=\"angelo\" \/>\n<meta name=\"twitter:card\" content=\"summary_large_image\" \/>\n<meta name=\"twitter:label1\" content=\"Written by\" \/>\n\t<meta name=\"twitter:data1\" content=\"angelo\" \/>\n\t<meta name=\"twitter:label2\" content=\"Est. reading time\" \/>\n\t<meta name=\"twitter:data2\" content=\"2 minutes\" \/>\n<script type=\"application\/ld+json\" class=\"yoast-schema-graph\">{\"@context\":\"https:\/\/schema.org\",\"@graph\":[{\"@type\":\"WebPage\",\"@id\":\"https:\/\/www.nodesign.net\/en\/nodesign-au-saudi-design-festival\/\",\"url\":\"https:\/\/www.nodesign.net\/en\/nodesign-au-saudi-design-festival\/\",\"name\":\"Nodesign au Saudi Design Festival - nodesign.net\",\"isPartOf\":{\"@id\":\"https:\/\/www.nodesign.net\/en\/#website\"},\"primaryImageOfPage\":{\"@id\":\"https:\/\/www.nodesign.net\/en\/nodesign-au-saudi-design-festival\/#primaryimage\"},\"image\":{\"@id\":\"https:\/\/www.nodesign.net\/en\/nodesign-au-saudi-design-festival\/#primaryimage\"},\"thumbnailUrl\":\"https:\/\/www.nodesign.net\/wp-content\/uploads\/2022\/01\/SDF2022.jpg\",\"datePublished\":\"2022-01-25T16:26:07+00:00\",\"dateModified\":\"2022-01-25T16:26:07+00:00\",\"author\":{\"@id\":\"https:\/\/www.nodesign.net\/en\/#\/schema\/person\/25e6998fd35f3e914350d0220751e31b\"},\"breadcrumb\":{\"@id\":\"https:\/\/www.nodesign.net\/en\/nodesign-au-saudi-design-festival\/#breadcrumb\"},\"inLanguage\":\"en-US\",\"potentialAction\":[{\"@type\":\"ReadAction\",\"target\":[\"https:\/\/www.nodesign.net\/en\/nodesign-au-saudi-design-festival\/\"]}]},{\"@type\":\"ImageObject\",\"inLanguage\":\"en-US\",\"@id\":\"https:\/\/www.nodesign.net\/en\/nodesign-au-saudi-design-festival\/#primaryimage\",\"url\":\"https:\/\/www.nodesign.net\/wp-content\/uploads\/2022\/01\/SDF2022.jpg\",\"contentUrl\":\"https:\/\/www.nodesign.net\/wp-content\/uploads\/2022\/01\/SDF2022.jpg\",\"width\":1301,\"height\":491},{\"@type\":\"BreadcrumbList\",\"@id\":\"https:\/\/www.nodesign.net\/en\/nodesign-au-saudi-design-festival\/#breadcrumb\",\"itemListElement\":[{\"@type\":\"ListItem\",\"position\":1,\"name\":\"Accueil\",\"item\":\"https:\/\/www.nodesign.net\/en\/home\/\"},{\"@type\":\"ListItem\",\"position\":2,\"name\":\"Nodesign au Saudi Design Festival\"}]},{\"@type\":\"WebSite\",\"@id\":\"https:\/\/www.nodesign.net\/en\/#website\",\"url\":\"https:\/\/www.nodesign.net\/en\/\",\"name\":\"nodesign.net\",\"description\":\"innovation through design\",\"potentialAction\":[{\"@type\":\"SearchAction\",\"target\":{\"@type\":\"EntryPoint\",\"urlTemplate\":\"https:\/\/www.nodesign.net\/en\/?s={search_term_string}\"},\"query-input\":{\"@type\":\"PropertyValueSpecification\",\"valueRequired\":true,\"valueName\":\"search_term_string\"}}],\"inLanguage\":\"en-US\"},{\"@type\":\"Person\",\"@id\":\"https:\/\/www.nodesign.net\/en\/#\/schema\/person\/25e6998fd35f3e914350d0220751e31b\",\"name\":\"angelo\",\"url\":\"https:\/\/www.nodesign.net\/en\/author\/angelo\/\"}]}<\/script>\n<!-- \/ Yoast SEO plugin. -->","yoast_head_json":{"title":"Nodesign au Saudi Design Festival - nodesign.net","robots":{"index":"index","follow":"follow","max-snippet":"max-snippet:-1","max-image-preview":"max-image-preview:large","max-video-preview":"max-video-preview:-1"},"canonical":"https:\/\/www.nodesign.net\/en\/nodesign-au-saudi-design-festival\/","og_locale":"en_US","og_type":"article","og_title":"Nodesign au Saudi Design Festival - nodesign.net","og_description":"Jean-Louis Frechin et Angelo Chiacchio invit\u00e9s\u00a0\u00e0 pr\u00e9senter le travail de NoDesign et l'exposition Designer(s) du Design \u00e0 Ryhad","og_url":"https:\/\/www.nodesign.net\/en\/nodesign-au-saudi-design-festival\/","og_site_name":"nodesign.net","article_published_time":"2022-01-25T16:26:07+00:00","og_image":[{"width":1301,"height":491,"url":"https:\/\/www.nodesign.net\/wp-content\/uploads\/2022\/01\/SDF2022.jpg","type":"image\/jpeg"}],"author":"angelo","twitter_card":"summary_large_image","twitter_misc":{"Written by":"angelo","Est. reading time":"2 minutes"},"schema":{"@context":"https:\/\/schema.org","@graph":[{"@type":"WebPage","@id":"https:\/\/www.nodesign.net\/en\/nodesign-au-saudi-design-festival\/","url":"https:\/\/www.nodesign.net\/en\/nodesign-au-saudi-design-festival\/","name":"Nodesign au Saudi Design Festival - nodesign.net","isPartOf":{"@id":"https:\/\/www.nodesign.net\/en\/#website"},"primaryImageOfPage":{"@id":"https:\/\/www.nodesign.net\/en\/nodesign-au-saudi-design-festival\/#primaryimage"},"image":{"@id":"https:\/\/www.nodesign.net\/en\/nodesign-au-saudi-design-festival\/#primaryimage"},"thumbnailUrl":"https:\/\/www.nodesign.net\/wp-content\/uploads\/2022\/01\/SDF2022.jpg","datePublished":"2022-01-25T16:26:07+00:00","dateModified":"2022-01-25T16:26:07+00:00","author":{"@id":"https:\/\/www.nodesign.net\/en\/#\/schema\/person\/25e6998fd35f3e914350d0220751e31b"},"breadcrumb":{"@id":"https:\/\/www.nodesign.net\/en\/nodesign-au-saudi-design-festival\/#breadcrumb"},"inLanguage":"en-US","potentialAction":[{"@type":"ReadAction","target":["https:\/\/www.nodesign.net\/en\/nodesign-au-saudi-design-festival\/"]}]},{"@type":"ImageObject","inLanguage":"en-US","@id":"https:\/\/www.nodesign.net\/en\/nodesign-au-saudi-design-festival\/#primaryimage","url":"https:\/\/www.nodesign.net\/wp-content\/uploads\/2022\/01\/SDF2022.jpg","contentUrl":"https:\/\/www.nodesign.net\/wp-content\/uploads\/2022\/01\/SDF2022.jpg","width":1301,"height":491},{"@type":"BreadcrumbList","@id":"https:\/\/www.nodesign.net\/en\/nodesign-au-saudi-design-festival\/#breadcrumb","itemListElement":[{"@type":"ListItem","position":1,"name":"Accueil","item":"https:\/\/www.nodesign.net\/en\/home\/"},{"@type":"ListItem","position":2,"name":"Nodesign au Saudi Design Festival"}]},{"@type":"WebSite","@id":"https:\/\/www.nodesign.net\/en\/#website","url":"https:\/\/www.nodesign.net\/en\/","name":"nodesign.net","description":"innovation through design","potentialAction":[{"@type":"SearchAction","target":{"@type":"EntryPoint","urlTemplate":"https:\/\/www.nodesign.net\/en\/?s={search_term_string}"},"query-input":{"@type":"PropertyValueSpecification","valueRequired":true,"valueName":"search_term_string"}}],"inLanguage":"en-US"},{"@type":"Person","@id":"https:\/\/www.nodesign.net\/en\/#\/schema\/person\/25e6998fd35f3e914350d0220751e31b","name":"angelo","url":"https:\/\/www.nodesign.net\/en\/author\/angelo\/"}]}},"_links":{"self":[{"href":"https:\/\/www.nodesign.net\/en\/wp-json\/wp\/v2\/posts\/7852"}],"collection":[{"href":"https:\/\/www.nodesign.net\/en\/wp-json\/wp\/v2\/posts"}],"about":[{"href":"https:\/\/www.nodesign.net\/en\/wp-json\/wp\/v2\/types\/post"}],"author":[{"embeddable":true,"href":"https:\/\/www.nodesign.net\/en\/wp-json\/wp\/v2\/users\/3"}],"replies":[{"embeddable":true,"href":"https:\/\/www.nodesign.net\/en\/wp-json\/wp\/v2\/comments?post=7852"}],"version-history":[{"count":0,"href":"https:\/\/www.nodesign.net\/en\/wp-json\/wp\/v2\/posts\/7852\/revisions"}],"wp:featuredmedia":[{"embeddable":true,"href":"https:\/\/www.nodesign.net\/en\/wp-json\/wp\/v2\/media\/7854"}],"wp:attachment":[{"href":"https:\/\/www.nodesign.net\/en\/wp-json\/wp\/v2\/media?parent=7852"}],"wp:term":[{"taxonomy":"category","embeddable":true,"href":"https:\/\/www.nodesign.net\/en\/wp-json\/wp\/v2\/categories?post=7852"},{"taxonomy":"post_tag","embeddable":true,"href":"https:\/\/www.nodesign.net\/en\/wp-json\/wp\/v2\/tags?post=7852"}],"curies":[{"name":"wp","href":"https:\/\/api.w.org\/{rel}","templated":true}]}}