{"id":6948,"date":"2020-01-07T10:08:48","date_gmt":"2020-01-07T09:08:48","guid":{"rendered":"https:\/\/www.nodesign.net\/?p=6948"},"modified":"2020-01-07T10:08:48","modified_gmt":"2020-01-07T09:08:48","slug":"the-book-le-design-des-choses-by-jean-louis-frechin-is-out","status":"publish","type":"post","link":"https:\/\/www.nodesign.net\/en\/the-book-le-design-des-choses-by-jean-louis-frechin-is-out\/","title":{"rendered":"The book &#8220;Le Design des choses&#8221; by Jean Louis Frechin is out"},"content":{"rendered":"<p>Toute l&#8217;\u00e9quipe de NoDesign est tr\u00e8s heureuse d&#8217;annoncer la parution du livre de Jean-Louis Frechin &#8220;Le Design des choses \u00e0 l\u2019heure du num\u00e9rique&#8221;.<\/p>\n<p><em>\u00ab Le Design est partout, et d\u00e9sormais tout est design ou presque&#8230; Adjectif, style, m\u00e9thode, attitude ou martingale, il est \u00e0 fois conception (en anglais courant, Design) et cr\u00e9ation (en fran\u00e7ais, design). On le mesure. Le design est multiple, polys\u00e9mique et complexe \u00e0 comprendre. \u00bb<\/em><br \/>\n\u2013 Jean Louis Frechin<\/p>\n<p class=\"p1\"><span class=\"s1\">Longtemps r\u00e9duit \u00e0 un terme fourre-tout et confus, le design accompagne d\u00e9sormais les grands changements soci\u00e9taux, technologiques, \u00e9conomiques et \u00e9cologiques. Jean-Louis Frechin, pionnier du design num\u00e9rique et acteur incontournable du design europ\u00e9en, retrace l\u2019histoire de cette discipline et nous fait d\u00e9couvrir son \u00e9volution, ses champs d\u2019action et ses mutations \u00e0 l\u2019heure du num\u00e9rique. Il traite notamment du nouveau syst\u00e8me des objets, des services, des interfaces, de la transition \u00e9nerg\u00e9tique, de l\u2019\u00e9thique, des makers, de l\u2019intelligence artificielle, et r\u00e9v\u00e8le tous les potentiels du design, ses tensions, ses responsabilit\u00e9s, et m\u00eame ses utopies. R\u00e9dig\u00e9 \u00e0 partir de son exp\u00e9rience d\u2019enseignant ainsi que d\u2019exp\u00e9riences v\u00e9cues aupr\u00e8s de nombreuses entreprises en France et \u00e0 l\u2019\u00e9tranger, et des r\u00e9flexions men\u00e9es au sein de <span class=\"s2\">NoDesign.net<\/span>, le livre parle autant de design que d\u2019innovation. Cet ouvrage de r\u00e9f\u00e9rence s\u2019adresse aux cr\u00e9atifs, aux innovateurs et \u00e0 tous ceux qui s\u2019engagent dans les transformations de notre \u00e9poque.<\/span><\/p>\n<p class=\"p1\"><span class=\"s1\">Le livre est disponible d\u00e8s le 22 novembre 2019 \u00e0 la <a href=\"https:\/\/livre.fnac.com\/a13565634\/Jean-Louis-Frechin-Le-design-des-choses-a-l-heure-du-numerique?oref=00000000-0000-0000-0000-000000000000&amp;Origin=SEA_GOOGLE_PLA_BOOKS&amp;esl-k=sem-google%7cng%7cc294196405911%7cm%7ckpla358566215499%7cp%7ct%7cdc%7ca58200328279%7cg1553156614&amp;gclid=Cj0KCQiA2vjuBRCqARIsAJL5a-KaU8tkZRoLfwkpuO2w6HQnwMRpe72POIHkbh1-artEP2ZBKyGzWwQaAp6CEALw_wcB&amp;gclsrc=aw.ds\">FNAC<\/a>, <a href=\"https:\/\/www.gibert.com\/le-design-des-choses-a-l-heure-du-numerique-11291479.html\">Gibert Jeune<\/a>, <a href=\"https:\/\/www.cultura.com\/le-design-des-choses-a-l-heure-du-numerique-9782364051881.html\">Cultura<\/a>, <a href=\"https:\/\/www.culture.leclerc\/livre-u\/arts-culture--societe-u\/art-u\/graphisme-illustration-design-u\/le-design-des-choses-9782364051881-pr\">Espace Culturel E. Leclerc<\/a> ainsi que sur le site de l\u2019\u00e9diteur <a href=\"https:\/\/boutique.fypeditions.com\/products\/le-design-des-choses-a-lheure-du-numerique\"><span class=\"s2\">Fyp \u00e9ditions<\/span><\/a>.<\/span><\/p>\n<hr \/>\n<p>&#8220;Le Design des choses \u00e0 l&#8217;heure du num\u00e9rique&#8221;<br \/>\nBroch\u00e9 : 256 pages<br \/>\nCollection :\u00a0Essais critiques<br \/>\nPrix public TTC :\u00a024 euros<br \/>\nLangue :\u00a0fran\u00e7ais<br \/>\nEAN 13 :\u00a0978-2-36405-188-1<br \/>\n<a href=\"http:\/\/www.fypeditions.com\/le-design-des-choses-a-lheure-du-numerique\/\">Le livre sur le site de l&#8217;\u00e9diteur<\/a><\/p>\n<div style=\"padding: 56.25% 0 0 0; position: relative;\"><iframe style=\"position: absolute; top: 0; left: 0; width: 100%; height: 100%;\" src=\"https:\/\/player.vimeo.com\/video\/374938381?title=0&amp;byline=0&amp;portrait=0\" frameborder=\"0\" allowfullscreen=\"allowfullscreen\" data-mce-fragment=\"1\"><\/iframe><\/div>\n<p><script src=\"https:\/\/player.vimeo.com\/api\/player.js\"><\/script><\/p>\n","protected":false},"excerpt":{"rendered":"<p>Toute l&#8217;\u00e9quipe de NoDesign est tr\u00e8s heureuse d&#8217;annoncer la parution du livre de Jean-Louis Frechin &#8220;Le Design des choses \u00e0 l\u2019heure du num\u00e9rique&#8221;. \u00ab Le Design est partout, et d\u00e9sormais tout est design ou presque&#8230; Adjectif, style, m\u00e9thode, attitude ou martingale, il est \u00e0 fois conception (en anglais courant, Design) et cr\u00e9ation (en fran\u00e7ais, design). [&hellip;]<\/p>\n","protected":false},"author":3,"featured_media":6792,"comment_status":"closed","ping_status":"closed","sticky":false,"template":"","format":"standard","meta":{"_exactmetrics_skip_tracking":false,"_exactmetrics_sitenote_active":false,"_exactmetrics_sitenote_note":"","_exactmetrics_sitenote_category":0,"footnotes":"","_links_to":"","_links_to_target":""},"categories":[87],"tags":[],"yoast_head":"<!-- This site is optimized with the Yoast SEO plugin v24.0 - https:\/\/yoast.com\/wordpress\/plugins\/seo\/ -->\n<title>The book &quot;Le Design des choses&quot; by Jean Louis Frechin is out - nodesign.net<\/title>\n<meta name=\"robots\" content=\"index, follow, max-snippet:-1, max-image-preview:large, max-video-preview:-1\" \/>\n<link rel=\"canonical\" href=\"https:\/\/www.nodesign.net\/en\/the-book-le-design-des-choses-by-jean-louis-frechin-is-out\/\" \/>\n<meta property=\"og:locale\" content=\"en_US\" \/>\n<meta property=\"og:type\" content=\"article\" \/>\n<meta property=\"og:title\" content=\"The book &quot;Le Design des choses&quot; by Jean Louis Frechin is out - nodesign.net\" \/>\n<meta property=\"og:description\" content=\"Toute l&#8217;\u00e9quipe de NoDesign est tr\u00e8s heureuse d&#8217;annoncer la parution du livre de Jean-Louis Frechin &#8220;Le Design des choses \u00e0 l\u2019heure du num\u00e9rique&#8221;. \u00ab Le Design est partout, et d\u00e9sormais tout est design ou presque&#8230; Adjectif, style, m\u00e9thode, attitude ou martingale, il est \u00e0 fois conception (en anglais courant, Design) et cr\u00e9ation (en fran\u00e7ais, design). [&hellip;]\" \/>\n<meta property=\"og:url\" content=\"https:\/\/www.nodesign.net\/en\/the-book-le-design-des-choses-by-jean-louis-frechin-is-out\/\" \/>\n<meta property=\"og:site_name\" content=\"nodesign.net\" \/>\n<meta property=\"article:published_time\" content=\"2020-01-07T09:08:48+00:00\" \/>\n<meta property=\"og:image\" content=\"https:\/\/www.nodesign.net\/wp-content\/uploads\/2019\/11\/Le-design-des-choses.jpg\" \/>\n\t<meta property=\"og:image:width\" content=\"3789\" \/>\n\t<meta property=\"og:image:height\" content=\"2842\" \/>\n\t<meta property=\"og:image:type\" content=\"image\/jpeg\" \/>\n<meta name=\"author\" content=\"angelo\" \/>\n<meta name=\"twitter:card\" content=\"summary_large_image\" \/>\n<meta name=\"twitter:label1\" content=\"Written by\" \/>\n\t<meta name=\"twitter:data1\" content=\"angelo\" \/>\n\t<meta name=\"twitter:label2\" content=\"Est. reading time\" \/>\n\t<meta name=\"twitter:data2\" content=\"2 minutes\" \/>\n<script type=\"application\/ld+json\" class=\"yoast-schema-graph\">{\"@context\":\"https:\/\/schema.org\",\"@graph\":[{\"@type\":\"WebPage\",\"@id\":\"https:\/\/www.nodesign.net\/en\/the-book-le-design-des-choses-by-jean-louis-frechin-is-out\/\",\"url\":\"https:\/\/www.nodesign.net\/en\/the-book-le-design-des-choses-by-jean-louis-frechin-is-out\/\",\"name\":\"The book \\\"Le Design des choses\\\" by Jean Louis Frechin is out - nodesign.net\",\"isPartOf\":{\"@id\":\"https:\/\/www.nodesign.net\/en\/#website\"},\"primaryImageOfPage\":{\"@id\":\"https:\/\/www.nodesign.net\/en\/the-book-le-design-des-choses-by-jean-louis-frechin-is-out\/#primaryimage\"},\"image\":{\"@id\":\"https:\/\/www.nodesign.net\/en\/the-book-le-design-des-choses-by-jean-louis-frechin-is-out\/#primaryimage\"},\"thumbnailUrl\":\"https:\/\/www.nodesign.net\/wp-content\/uploads\/2019\/11\/Le-design-des-choses.jpg\",\"datePublished\":\"2020-01-07T09:08:48+00:00\",\"dateModified\":\"2020-01-07T09:08:48+00:00\",\"author\":{\"@id\":\"https:\/\/www.nodesign.net\/en\/#\/schema\/person\/25e6998fd35f3e914350d0220751e31b\"},\"breadcrumb\":{\"@id\":\"https:\/\/www.nodesign.net\/en\/the-book-le-design-des-choses-by-jean-louis-frechin-is-out\/#breadcrumb\"},\"inLanguage\":\"en-US\",\"potentialAction\":[{\"@type\":\"ReadAction\",\"target\":[\"https:\/\/www.nodesign.net\/en\/the-book-le-design-des-choses-by-jean-louis-frechin-is-out\/\"]}]},{\"@type\":\"ImageObject\",\"inLanguage\":\"en-US\",\"@id\":\"https:\/\/www.nodesign.net\/en\/the-book-le-design-des-choses-by-jean-louis-frechin-is-out\/#primaryimage\",\"url\":\"https:\/\/www.nodesign.net\/wp-content\/uploads\/2019\/11\/Le-design-des-choses.jpg\",\"contentUrl\":\"https:\/\/www.nodesign.net\/wp-content\/uploads\/2019\/11\/Le-design-des-choses.jpg\",\"width\":3789,\"height\":2842},{\"@type\":\"BreadcrumbList\",\"@id\":\"https:\/\/www.nodesign.net\/en\/the-book-le-design-des-choses-by-jean-louis-frechin-is-out\/#breadcrumb\",\"itemListElement\":[{\"@type\":\"ListItem\",\"position\":1,\"name\":\"Accueil\",\"item\":\"https:\/\/www.nodesign.net\/en\/home\/\"},{\"@type\":\"ListItem\",\"position\":2,\"name\":\"The book &#8220;Le Design des choses&#8221; by Jean Louis Frechin is out\"}]},{\"@type\":\"WebSite\",\"@id\":\"https:\/\/www.nodesign.net\/en\/#website\",\"url\":\"https:\/\/www.nodesign.net\/en\/\",\"name\":\"nodesign.net\",\"description\":\"innovation through design\",\"potentialAction\":[{\"@type\":\"SearchAction\",\"target\":{\"@type\":\"EntryPoint\",\"urlTemplate\":\"https:\/\/www.nodesign.net\/en\/?s={search_term_string}\"},\"query-input\":{\"@type\":\"PropertyValueSpecification\",\"valueRequired\":true,\"valueName\":\"search_term_string\"}}],\"inLanguage\":\"en-US\"},{\"@type\":\"Person\",\"@id\":\"https:\/\/www.nodesign.net\/en\/#\/schema\/person\/25e6998fd35f3e914350d0220751e31b\",\"name\":\"angelo\",\"url\":\"https:\/\/www.nodesign.net\/en\/author\/angelo\/\"}]}<\/script>\n<!-- \/ Yoast SEO plugin. -->","yoast_head_json":{"title":"The book \"Le Design des choses\" by Jean Louis Frechin is out - nodesign.net","robots":{"index":"index","follow":"follow","max-snippet":"max-snippet:-1","max-image-preview":"max-image-preview:large","max-video-preview":"max-video-preview:-1"},"canonical":"https:\/\/www.nodesign.net\/en\/the-book-le-design-des-choses-by-jean-louis-frechin-is-out\/","og_locale":"en_US","og_type":"article","og_title":"The book \"Le Design des choses\" by Jean Louis Frechin is out - nodesign.net","og_description":"Toute l&#8217;\u00e9quipe de NoDesign est tr\u00e8s heureuse d&#8217;annoncer la parution du livre de Jean-Louis Frechin &#8220;Le Design des choses \u00e0 l\u2019heure du num\u00e9rique&#8221;. \u00ab Le Design est partout, et d\u00e9sormais tout est design ou presque&#8230; Adjectif, style, m\u00e9thode, attitude ou martingale, il est \u00e0 fois conception (en anglais courant, Design) et cr\u00e9ation (en fran\u00e7ais, design). [&hellip;]","og_url":"https:\/\/www.nodesign.net\/en\/the-book-le-design-des-choses-by-jean-louis-frechin-is-out\/","og_site_name":"nodesign.net","article_published_time":"2020-01-07T09:08:48+00:00","og_image":[{"width":3789,"height":2842,"url":"https:\/\/www.nodesign.net\/wp-content\/uploads\/2019\/11\/Le-design-des-choses.jpg","type":"image\/jpeg"}],"author":"angelo","twitter_card":"summary_large_image","twitter_misc":{"Written by":"angelo","Est. reading time":"2 minutes"},"schema":{"@context":"https:\/\/schema.org","@graph":[{"@type":"WebPage","@id":"https:\/\/www.nodesign.net\/en\/the-book-le-design-des-choses-by-jean-louis-frechin-is-out\/","url":"https:\/\/www.nodesign.net\/en\/the-book-le-design-des-choses-by-jean-louis-frechin-is-out\/","name":"The book \"Le Design des choses\" by Jean Louis Frechin is out - nodesign.net","isPartOf":{"@id":"https:\/\/www.nodesign.net\/en\/#website"},"primaryImageOfPage":{"@id":"https:\/\/www.nodesign.net\/en\/the-book-le-design-des-choses-by-jean-louis-frechin-is-out\/#primaryimage"},"image":{"@id":"https:\/\/www.nodesign.net\/en\/the-book-le-design-des-choses-by-jean-louis-frechin-is-out\/#primaryimage"},"thumbnailUrl":"https:\/\/www.nodesign.net\/wp-content\/uploads\/2019\/11\/Le-design-des-choses.jpg","datePublished":"2020-01-07T09:08:48+00:00","dateModified":"2020-01-07T09:08:48+00:00","author":{"@id":"https:\/\/www.nodesign.net\/en\/#\/schema\/person\/25e6998fd35f3e914350d0220751e31b"},"breadcrumb":{"@id":"https:\/\/www.nodesign.net\/en\/the-book-le-design-des-choses-by-jean-louis-frechin-is-out\/#breadcrumb"},"inLanguage":"en-US","potentialAction":[{"@type":"ReadAction","target":["https:\/\/www.nodesign.net\/en\/the-book-le-design-des-choses-by-jean-louis-frechin-is-out\/"]}]},{"@type":"ImageObject","inLanguage":"en-US","@id":"https:\/\/www.nodesign.net\/en\/the-book-le-design-des-choses-by-jean-louis-frechin-is-out\/#primaryimage","url":"https:\/\/www.nodesign.net\/wp-content\/uploads\/2019\/11\/Le-design-des-choses.jpg","contentUrl":"https:\/\/www.nodesign.net\/wp-content\/uploads\/2019\/11\/Le-design-des-choses.jpg","width":3789,"height":2842},{"@type":"BreadcrumbList","@id":"https:\/\/www.nodesign.net\/en\/the-book-le-design-des-choses-by-jean-louis-frechin-is-out\/#breadcrumb","itemListElement":[{"@type":"ListItem","position":1,"name":"Accueil","item":"https:\/\/www.nodesign.net\/en\/home\/"},{"@type":"ListItem","position":2,"name":"The book &#8220;Le Design des choses&#8221; by Jean Louis Frechin is out"}]},{"@type":"WebSite","@id":"https:\/\/www.nodesign.net\/en\/#website","url":"https:\/\/www.nodesign.net\/en\/","name":"nodesign.net","description":"innovation through design","potentialAction":[{"@type":"SearchAction","target":{"@type":"EntryPoint","urlTemplate":"https:\/\/www.nodesign.net\/en\/?s={search_term_string}"},"query-input":{"@type":"PropertyValueSpecification","valueRequired":true,"valueName":"search_term_string"}}],"inLanguage":"en-US"},{"@type":"Person","@id":"https:\/\/www.nodesign.net\/en\/#\/schema\/person\/25e6998fd35f3e914350d0220751e31b","name":"angelo","url":"https:\/\/www.nodesign.net\/en\/author\/angelo\/"}]}},"_links":{"self":[{"href":"https:\/\/www.nodesign.net\/en\/wp-json\/wp\/v2\/posts\/6948"}],"collection":[{"href":"https:\/\/www.nodesign.net\/en\/wp-json\/wp\/v2\/posts"}],"about":[{"href":"https:\/\/www.nodesign.net\/en\/wp-json\/wp\/v2\/types\/post"}],"author":[{"embeddable":true,"href":"https:\/\/www.nodesign.net\/en\/wp-json\/wp\/v2\/users\/3"}],"replies":[{"embeddable":true,"href":"https:\/\/www.nodesign.net\/en\/wp-json\/wp\/v2\/comments?post=6948"}],"version-history":[{"count":0,"href":"https:\/\/www.nodesign.net\/en\/wp-json\/wp\/v2\/posts\/6948\/revisions"}],"wp:featuredmedia":[{"embeddable":true,"href":"https:\/\/www.nodesign.net\/en\/wp-json\/wp\/v2\/media\/6792"}],"wp:attachment":[{"href":"https:\/\/www.nodesign.net\/en\/wp-json\/wp\/v2\/media?parent=6948"}],"wp:term":[{"taxonomy":"category","embeddable":true,"href":"https:\/\/www.nodesign.net\/en\/wp-json\/wp\/v2\/categories?post=6948"},{"taxonomy":"post_tag","embeddable":true,"href":"https:\/\/www.nodesign.net\/en\/wp-json\/wp\/v2\/tags?post=6948"}],"curies":[{"name":"wp","href":"https:\/\/api.w.org\/{rel}","templated":true}]}}