{"id":4777,"date":"2017-11-16T10:48:52","date_gmt":"2017-11-16T09:48:52","guid":{"rendered":"https:\/\/www.nodesign.net\/?p=4777"},"modified":"2020-02-10T15:56:36","modified_gmt":"2020-02-10T14:56:36","slug":"hear-modeles-didactiques","status":"publish","type":"post","link":"https:\/\/www.nodesign.net\/en\/hear-modeles-didactiques\/","title":{"rendered":"HEAR &#8211; Journ\u00e9e d&#8217;\u00e9tude &#8211; Mod\u00e8les didactiques"},"content":{"rendered":"<p>Journ\u00e9e d&#8217;\u00e9tude \u00ab Mod\u00e8les didactiques \u2013 Repr\u00e9senter la nature dans toutes ses dimensions \u00bb,<br \/>\nle jeudi 23 novembre 2017, de 9 h \u00e0 17 h 30 \u00e0 l\u2019auditorium de la Haute \u00e9cole des arts du Rhin, 1 rue de l&#8217;Acad\u00e9mie \u2013 Strasbourg \u2013 entr\u00e9e libre.<br \/>\nSoutenue par l\u2019IdEx formation 2017, cette journ\u00e9e met en dialogue une approche historique et contemporaine des mod\u00e8les didactiques en volume.<br \/>\nElle inaugure le nouveau projet de recherche engag\u00e9 par l\u2019atelier de Didactique visuelle autour des mod\u00e8les p\u00e9dagogiques des collections scientifiques universitaires et mus\u00e9ales.<\/p>\n<p>Intervenant pour Nodesign :<\/p>\n<p>Uros Petrevski<\/p>\n<p>Pour plus de d\u00e9tails, vous pouvez consulter le programme de la journ\u00e9e en suivant ce lien :<br \/>\n<a href=\"http:\/\/www.calameo.com\/read\/004790205cd25a7bb7d2f\">http:\/\/www.calameo.com\/read\/004790205cd25a7bb7d2f<\/a><\/p>\n<p>&nbsp;<\/p>\n","protected":false},"excerpt":{"rendered":"<p>Journ\u00e9e d&#8217;\u00e9tude \u00ab Mod\u00e8les didactiques \u2013 Repr\u00e9senter la nature dans toutes ses dimensions \u00bb, le jeudi 23 novembre 2017, de 9 h \u00e0 17 h 30 \u00e0 l\u2019auditorium de la Haute \u00e9cole des arts du Rhin, 1 rue de l&#8217;Acad\u00e9mie \u2013 Strasbourg \u2013 entr\u00e9e libre. Soutenue par l\u2019IdEx formation 2017, cette journ\u00e9e met en dialogue [&hellip;]<\/p>\n","protected":false},"author":3,"featured_media":4780,"comment_status":"closed","ping_status":"closed","sticky":false,"template":"","format":"standard","meta":{"_exactmetrics_skip_tracking":false,"_exactmetrics_sitenote_active":false,"_exactmetrics_sitenote_note":"","_exactmetrics_sitenote_category":0,"footnotes":"","_links_to":"","_links_to_target":""},"categories":[8,15,18],"tags":[],"yoast_head":"<!-- This site is optimized with the Yoast SEO plugin v24.0 - https:\/\/yoast.com\/wordpress\/plugins\/seo\/ -->\n<title>HEAR - Journ\u00e9e d&#039;\u00e9tude - Mod\u00e8les didactiques - nodesign.net<\/title>\n<meta name=\"description\" content=\"Repr\u00e9senter la nature dans toute ses dimensions. Journ\u00e9e d&#039;\u00e9tude met en dialogue une approche historique et contemporaine des mod\u00e8les didactiques en volume.\" \/>\n<meta name=\"robots\" content=\"index, follow, max-snippet:-1, max-image-preview:large, max-video-preview:-1\" \/>\n<link rel=\"canonical\" href=\"https:\/\/www.nodesign.net\/en\/hear-modeles-didactiques\/\" \/>\n<meta property=\"og:locale\" content=\"en_US\" \/>\n<meta property=\"og:type\" content=\"article\" \/>\n<meta property=\"og:title\" content=\"HEAR - Journ\u00e9e d&#039;\u00e9tude - Mod\u00e8les didactiques - nodesign.net\" \/>\n<meta property=\"og:description\" content=\"Repr\u00e9senter la nature dans toute ses dimensions. Journ\u00e9e d&#039;\u00e9tude met en dialogue une approche historique et contemporaine des mod\u00e8les didactiques en volume.\" \/>\n<meta property=\"og:url\" content=\"https:\/\/www.nodesign.net\/en\/hear-modeles-didactiques\/\" \/>\n<meta property=\"og:site_name\" content=\"nodesign.net\" \/>\n<meta property=\"article:published_time\" content=\"2017-11-16T09:48:52+00:00\" \/>\n<meta property=\"article:modified_time\" content=\"2020-02-10T14:56:36+00:00\" \/>\n<meta property=\"og:image\" content=\"https:\/\/www.nodesign.net\/wp-content\/uploads\/2017\/11\/hear.jpg\" \/>\n\t<meta property=\"og:image:width\" content=\"1920\" \/>\n\t<meta property=\"og:image:height\" content=\"1080\" \/>\n\t<meta property=\"og:image:type\" content=\"image\/jpeg\" \/>\n<meta name=\"author\" content=\"angelo\" \/>\n<meta name=\"twitter:card\" content=\"summary_large_image\" \/>\n<meta name=\"twitter:label1\" content=\"Written by\" \/>\n\t<meta name=\"twitter:data1\" content=\"angelo\" \/>\n\t<meta name=\"twitter:label2\" content=\"Est. reading time\" \/>\n\t<meta name=\"twitter:data2\" content=\"1 minute\" \/>\n<script type=\"application\/ld+json\" class=\"yoast-schema-graph\">{\"@context\":\"https:\/\/schema.org\",\"@graph\":[{\"@type\":\"WebPage\",\"@id\":\"https:\/\/www.nodesign.net\/en\/hear-modeles-didactiques\/\",\"url\":\"https:\/\/www.nodesign.net\/en\/hear-modeles-didactiques\/\",\"name\":\"HEAR - Journ\u00e9e d'\u00e9tude - Mod\u00e8les didactiques - nodesign.net\",\"isPartOf\":{\"@id\":\"https:\/\/www.nodesign.net\/en\/#website\"},\"primaryImageOfPage\":{\"@id\":\"https:\/\/www.nodesign.net\/en\/hear-modeles-didactiques\/#primaryimage\"},\"image\":{\"@id\":\"https:\/\/www.nodesign.net\/en\/hear-modeles-didactiques\/#primaryimage\"},\"thumbnailUrl\":\"https:\/\/www.nodesign.net\/wp-content\/uploads\/2017\/11\/hear.jpg\",\"datePublished\":\"2017-11-16T09:48:52+00:00\",\"dateModified\":\"2020-02-10T14:56:36+00:00\",\"author\":{\"@id\":\"https:\/\/www.nodesign.net\/en\/#\/schema\/person\/25e6998fd35f3e914350d0220751e31b\"},\"description\":\"Repr\u00e9senter la nature dans toute ses dimensions. Journ\u00e9e d'\u00e9tude met en dialogue une approche historique et contemporaine des mod\u00e8les didactiques en volume.\",\"breadcrumb\":{\"@id\":\"https:\/\/www.nodesign.net\/en\/hear-modeles-didactiques\/#breadcrumb\"},\"inLanguage\":\"en-US\",\"potentialAction\":[{\"@type\":\"ReadAction\",\"target\":[\"https:\/\/www.nodesign.net\/en\/hear-modeles-didactiques\/\"]}]},{\"@type\":\"ImageObject\",\"inLanguage\":\"en-US\",\"@id\":\"https:\/\/www.nodesign.net\/en\/hear-modeles-didactiques\/#primaryimage\",\"url\":\"https:\/\/www.nodesign.net\/wp-content\/uploads\/2017\/11\/hear.jpg\",\"contentUrl\":\"https:\/\/www.nodesign.net\/wp-content\/uploads\/2017\/11\/hear.jpg\",\"width\":1920,\"height\":1080},{\"@type\":\"BreadcrumbList\",\"@id\":\"https:\/\/www.nodesign.net\/en\/hear-modeles-didactiques\/#breadcrumb\",\"itemListElement\":[{\"@type\":\"ListItem\",\"position\":1,\"name\":\"Accueil\",\"item\":\"https:\/\/www.nodesign.net\/en\/home\/\"},{\"@type\":\"ListItem\",\"position\":2,\"name\":\"HEAR &#8211; Journ\u00e9e d&rsquo;\u00e9tude &#8211; Mod\u00e8les didactiques\"}]},{\"@type\":\"WebSite\",\"@id\":\"https:\/\/www.nodesign.net\/en\/#website\",\"url\":\"https:\/\/www.nodesign.net\/en\/\",\"name\":\"nodesign.net\",\"description\":\"innovation through design\",\"potentialAction\":[{\"@type\":\"SearchAction\",\"target\":{\"@type\":\"EntryPoint\",\"urlTemplate\":\"https:\/\/www.nodesign.net\/en\/?s={search_term_string}\"},\"query-input\":{\"@type\":\"PropertyValueSpecification\",\"valueRequired\":true,\"valueName\":\"search_term_string\"}}],\"inLanguage\":\"en-US\"},{\"@type\":\"Person\",\"@id\":\"https:\/\/www.nodesign.net\/en\/#\/schema\/person\/25e6998fd35f3e914350d0220751e31b\",\"name\":\"angelo\",\"url\":\"https:\/\/www.nodesign.net\/en\/author\/angelo\/\"}]}<\/script>\n<!-- \/ Yoast SEO plugin. -->","yoast_head_json":{"title":"HEAR - Journ\u00e9e d'\u00e9tude - Mod\u00e8les didactiques - nodesign.net","description":"Repr\u00e9senter la nature dans toute ses dimensions. Journ\u00e9e d'\u00e9tude met en dialogue une approche historique et contemporaine des mod\u00e8les didactiques en volume.","robots":{"index":"index","follow":"follow","max-snippet":"max-snippet:-1","max-image-preview":"max-image-preview:large","max-video-preview":"max-video-preview:-1"},"canonical":"https:\/\/www.nodesign.net\/en\/hear-modeles-didactiques\/","og_locale":"en_US","og_type":"article","og_title":"HEAR - Journ\u00e9e d'\u00e9tude - Mod\u00e8les didactiques - nodesign.net","og_description":"Repr\u00e9senter la nature dans toute ses dimensions. Journ\u00e9e d'\u00e9tude met en dialogue une approche historique et contemporaine des mod\u00e8les didactiques en volume.","og_url":"https:\/\/www.nodesign.net\/en\/hear-modeles-didactiques\/","og_site_name":"nodesign.net","article_published_time":"2017-11-16T09:48:52+00:00","article_modified_time":"2020-02-10T14:56:36+00:00","og_image":[{"width":1920,"height":1080,"url":"https:\/\/www.nodesign.net\/wp-content\/uploads\/2017\/11\/hear.jpg","type":"image\/jpeg"}],"author":"angelo","twitter_card":"summary_large_image","twitter_misc":{"Written by":"angelo","Est. reading time":"1 minute"},"schema":{"@context":"https:\/\/schema.org","@graph":[{"@type":"WebPage","@id":"https:\/\/www.nodesign.net\/en\/hear-modeles-didactiques\/","url":"https:\/\/www.nodesign.net\/en\/hear-modeles-didactiques\/","name":"HEAR - Journ\u00e9e d'\u00e9tude - Mod\u00e8les didactiques - nodesign.net","isPartOf":{"@id":"https:\/\/www.nodesign.net\/en\/#website"},"primaryImageOfPage":{"@id":"https:\/\/www.nodesign.net\/en\/hear-modeles-didactiques\/#primaryimage"},"image":{"@id":"https:\/\/www.nodesign.net\/en\/hear-modeles-didactiques\/#primaryimage"},"thumbnailUrl":"https:\/\/www.nodesign.net\/wp-content\/uploads\/2017\/11\/hear.jpg","datePublished":"2017-11-16T09:48:52+00:00","dateModified":"2020-02-10T14:56:36+00:00","author":{"@id":"https:\/\/www.nodesign.net\/en\/#\/schema\/person\/25e6998fd35f3e914350d0220751e31b"},"description":"Repr\u00e9senter la nature dans toute ses dimensions. Journ\u00e9e d'\u00e9tude met en dialogue une approche historique et contemporaine des mod\u00e8les didactiques en volume.","breadcrumb":{"@id":"https:\/\/www.nodesign.net\/en\/hear-modeles-didactiques\/#breadcrumb"},"inLanguage":"en-US","potentialAction":[{"@type":"ReadAction","target":["https:\/\/www.nodesign.net\/en\/hear-modeles-didactiques\/"]}]},{"@type":"ImageObject","inLanguage":"en-US","@id":"https:\/\/www.nodesign.net\/en\/hear-modeles-didactiques\/#primaryimage","url":"https:\/\/www.nodesign.net\/wp-content\/uploads\/2017\/11\/hear.jpg","contentUrl":"https:\/\/www.nodesign.net\/wp-content\/uploads\/2017\/11\/hear.jpg","width":1920,"height":1080},{"@type":"BreadcrumbList","@id":"https:\/\/www.nodesign.net\/en\/hear-modeles-didactiques\/#breadcrumb","itemListElement":[{"@type":"ListItem","position":1,"name":"Accueil","item":"https:\/\/www.nodesign.net\/en\/home\/"},{"@type":"ListItem","position":2,"name":"HEAR &#8211; Journ\u00e9e d&rsquo;\u00e9tude &#8211; Mod\u00e8les didactiques"}]},{"@type":"WebSite","@id":"https:\/\/www.nodesign.net\/en\/#website","url":"https:\/\/www.nodesign.net\/en\/","name":"nodesign.net","description":"innovation through design","potentialAction":[{"@type":"SearchAction","target":{"@type":"EntryPoint","urlTemplate":"https:\/\/www.nodesign.net\/en\/?s={search_term_string}"},"query-input":{"@type":"PropertyValueSpecification","valueRequired":true,"valueName":"search_term_string"}}],"inLanguage":"en-US"},{"@type":"Person","@id":"https:\/\/www.nodesign.net\/en\/#\/schema\/person\/25e6998fd35f3e914350d0220751e31b","name":"angelo","url":"https:\/\/www.nodesign.net\/en\/author\/angelo\/"}]}},"_links":{"self":[{"href":"https:\/\/www.nodesign.net\/en\/wp-json\/wp\/v2\/posts\/4777"}],"collection":[{"href":"https:\/\/www.nodesign.net\/en\/wp-json\/wp\/v2\/posts"}],"about":[{"href":"https:\/\/www.nodesign.net\/en\/wp-json\/wp\/v2\/types\/post"}],"author":[{"embeddable":true,"href":"https:\/\/www.nodesign.net\/en\/wp-json\/wp\/v2\/users\/3"}],"replies":[{"embeddable":true,"href":"https:\/\/www.nodesign.net\/en\/wp-json\/wp\/v2\/comments?post=4777"}],"version-history":[{"count":0,"href":"https:\/\/www.nodesign.net\/en\/wp-json\/wp\/v2\/posts\/4777\/revisions"}],"wp:featuredmedia":[{"embeddable":true,"href":"https:\/\/www.nodesign.net\/en\/wp-json\/wp\/v2\/media\/4780"}],"wp:attachment":[{"href":"https:\/\/www.nodesign.net\/en\/wp-json\/wp\/v2\/media?parent=4777"}],"wp:term":[{"taxonomy":"category","embeddable":true,"href":"https:\/\/www.nodesign.net\/en\/wp-json\/wp\/v2\/categories?post=4777"},{"taxonomy":"post_tag","embeddable":true,"href":"https:\/\/www.nodesign.net\/en\/wp-json\/wp\/v2\/tags?post=4777"}],"curies":[{"name":"wp","href":"https:\/\/api.w.org\/{rel}","templated":true}]}}