{"id":4705,"date":"2017-10-23T09:36:47","date_gmt":"2017-10-23T08:36:47","guid":{"rendered":"https:\/\/www.nodesign.net\/?p=4705"},"modified":"2020-02-10T16:17:38","modified_gmt":"2020-02-10T15:17:38","slug":"regard-critique-design-thinking-jean-louis-frechin-ifm-podcast","status":"publish","type":"post","link":"https:\/\/www.nodesign.net\/en\/regard-critique-design-thinking-jean-louis-frechin-ifm-podcast\/","title":{"rendered":"Un regard critique sur le \u00ab design thinking \u00bb: Jean Louis Frechin sur IFM Podcast"},"content":{"rendered":"<p><iframe loading=\"lazy\" src=\"https:\/\/w.soundcloud.com\/player\/?url=https%3A\/\/api.soundcloud.com\/tracks\/345653907&amp;color=ff5500\" width=\"100%\" height=\"166\" frameborder=\"no\" scrolling=\"no\"><\/iframe><\/p>\n<p>Jean-Louis Fr\u00e9chin analyse avec un regard critique la notion de \u00ab\u00a0design thinking\u00a0\u00bb, devenu une m\u00e9thode privil\u00e9gi\u00e9e d\u2019innovation propos\u00e9e par de multiples soci\u00e9t\u00e9s de consultants, mais dont le mod\u00e8le est arriv\u00e9 \u00e0 une limite (les startups n\u2019ont pas besoin de consultants seniors). Tout en reconnaissant que le \u00ab\u00a0design thinking\u00a0\u00bb est une formidable m\u00e9thode pour \u00ab\u00a0cr\u00e9er des imaginaires communs et g\u00e9rer l\u2019accompagnement du changement\u00a0\u00bb, Jean-Louis Fr\u00e9chin invite \u00e0 adopter une approche exigeante du design : \u00ab\u00a0tout le monde peut \u00eatre cr\u00e9atif, mais tout le monde ne peut pas \u00eatre cr\u00e9ateur\u00a0\u00bb.<\/p>\n<blockquote class=\"wp-embedded-content\" data-secret=\"UkkDBDhUxc\"><p><a href=\"http:\/\/podcast.ifm-paris.com\/podcast-design\/regard-critique-design-thinking\/\">Un regard critique sur le \u00ab\u00a0design thinking\u00a0\u00bb<\/a><\/p><\/blockquote>\n<p><iframe class=\"wp-embedded-content\" sandbox=\"allow-scripts\" security=\"restricted\" style=\"position: absolute; clip: rect(1px, 1px, 1px, 1px);\" src=\"http:\/\/podcast.ifm-paris.com\/podcast-design\/regard-critique-design-thinking\/embed\/#?secret=UkkDBDhUxc\" data-secret=\"UkkDBDhUxc\" width=\"600\" height=\"338\" title=\"\u00ab\u00a0Un regard critique sur le \u00ab\u00a0design thinking\u00a0\u00bb\u00a0\u00bb &#8212; IFM Podcasts\" frameborder=\"0\" marginwidth=\"0\" marginheight=\"0\" scrolling=\"no\"><\/iframe><\/p>\n","protected":false},"excerpt":{"rendered":"<p>Jean-Louis Fr\u00e9chin analyse avec un regard critique la notion de \u00ab\u00a0design thinking\u00a0\u00bb, devenu une m\u00e9thode privil\u00e9gi\u00e9e d\u2019innovation propos\u00e9e par de multiples soci\u00e9t\u00e9s de consultants, mais dont le mod\u00e8le est arriv\u00e9 \u00e0 une limite (les startups n\u2019ont pas besoin de consultants seniors). Tout en reconnaissant que le \u00ab\u00a0design thinking\u00a0\u00bb est une formidable m\u00e9thode pour \u00ab\u00a0cr\u00e9er des [&hellip;]<\/p>\n","protected":false},"author":8,"featured_media":4711,"comment_status":"closed","ping_status":"closed","sticky":false,"template":"","format":"standard","meta":{"_exactmetrics_skip_tracking":false,"_exactmetrics_sitenote_active":false,"_exactmetrics_sitenote_note":"","_exactmetrics_sitenote_category":0,"footnotes":"","_links_to":"","_links_to_target":""},"categories":[8,15,29],"tags":[],"yoast_head":"<!-- This site is optimized with the Yoast SEO plugin v24.0 - https:\/\/yoast.com\/wordpress\/plugins\/seo\/ -->\n<title>Un regard critique sur le \u00ab design thinking \u00bb: Jean Louis Frechin sur IFM Podcast - nodesign.net<\/title>\n<meta name=\"description\" content=\"Regard critique sur la notion de \u00ab\u00a0design thinking\u00a0\u00bb, devenue une m\u00e9thode privil\u00e9gi\u00e9e chez les consultants, mais dont le mod\u00e8le atteint ses limites.\" \/>\n<meta name=\"robots\" content=\"index, follow, max-snippet:-1, max-image-preview:large, max-video-preview:-1\" \/>\n<link rel=\"canonical\" href=\"https:\/\/www.nodesign.net\/en\/regard-critique-design-thinking-jean-louis-frechin-ifm-podcast\/\" \/>\n<meta property=\"og:locale\" content=\"en_US\" \/>\n<meta property=\"og:type\" content=\"article\" \/>\n<meta property=\"og:title\" content=\"Un regard critique sur le \u00ab design thinking \u00bb: Jean Louis Frechin sur IFM Podcast - nodesign.net\" \/>\n<meta property=\"og:description\" content=\"Regard critique sur la notion de \u00ab\u00a0design thinking\u00a0\u00bb, devenue une m\u00e9thode privil\u00e9gi\u00e9e chez les consultants, mais dont le mod\u00e8le atteint ses limites.\" \/>\n<meta property=\"og:url\" content=\"https:\/\/www.nodesign.net\/en\/regard-critique-design-thinking-jean-louis-frechin-ifm-podcast\/\" \/>\n<meta property=\"og:site_name\" content=\"nodesign.net\" \/>\n<meta property=\"article:published_time\" content=\"2017-10-23T08:36:47+00:00\" \/>\n<meta property=\"article:modified_time\" content=\"2020-02-10T15:17:38+00:00\" \/>\n<meta property=\"og:image\" content=\"https:\/\/www.nodesign.net\/wp-content\/uploads\/2017\/10\/IFM_Podcasts-1.jpg\" \/>\n\t<meta property=\"og:image:width\" content=\"298\" \/>\n\t<meta property=\"og:image:height\" content=\"224\" \/>\n\t<meta property=\"og:image:type\" content=\"image\/jpeg\" \/>\n<meta name=\"author\" content=\"jordi\" \/>\n<meta name=\"twitter:card\" content=\"summary_large_image\" \/>\n<meta name=\"twitter:label1\" content=\"Written by\" \/>\n\t<meta name=\"twitter:data1\" content=\"jordi\" \/>\n\t<meta name=\"twitter:label2\" content=\"Est. reading time\" \/>\n\t<meta name=\"twitter:data2\" content=\"1 minute\" \/>\n<script type=\"application\/ld+json\" class=\"yoast-schema-graph\">{\"@context\":\"https:\/\/schema.org\",\"@graph\":[{\"@type\":\"WebPage\",\"@id\":\"https:\/\/www.nodesign.net\/en\/regard-critique-design-thinking-jean-louis-frechin-ifm-podcast\/\",\"url\":\"https:\/\/www.nodesign.net\/en\/regard-critique-design-thinking-jean-louis-frechin-ifm-podcast\/\",\"name\":\"Un regard critique sur le \u00ab design thinking \u00bb: Jean Louis Frechin sur IFM Podcast - nodesign.net\",\"isPartOf\":{\"@id\":\"https:\/\/www.nodesign.net\/en\/#website\"},\"primaryImageOfPage\":{\"@id\":\"https:\/\/www.nodesign.net\/en\/regard-critique-design-thinking-jean-louis-frechin-ifm-podcast\/#primaryimage\"},\"image\":{\"@id\":\"https:\/\/www.nodesign.net\/en\/regard-critique-design-thinking-jean-louis-frechin-ifm-podcast\/#primaryimage\"},\"thumbnailUrl\":\"https:\/\/www.nodesign.net\/wp-content\/uploads\/2017\/10\/IFM_Podcasts-1.jpg\",\"datePublished\":\"2017-10-23T08:36:47+00:00\",\"dateModified\":\"2020-02-10T15:17:38+00:00\",\"author\":{\"@id\":\"https:\/\/www.nodesign.net\/en\/#\/schema\/person\/371bc8d4f13aaefe2351944258582b2a\"},\"description\":\"Regard critique sur la notion de \u00ab\u00a0design thinking\u00a0\u00bb, devenue une m\u00e9thode privil\u00e9gi\u00e9e chez les consultants, mais dont le mod\u00e8le atteint ses limites.\",\"breadcrumb\":{\"@id\":\"https:\/\/www.nodesign.net\/en\/regard-critique-design-thinking-jean-louis-frechin-ifm-podcast\/#breadcrumb\"},\"inLanguage\":\"en-US\",\"potentialAction\":[{\"@type\":\"ReadAction\",\"target\":[\"https:\/\/www.nodesign.net\/en\/regard-critique-design-thinking-jean-louis-frechin-ifm-podcast\/\"]}]},{\"@type\":\"ImageObject\",\"inLanguage\":\"en-US\",\"@id\":\"https:\/\/www.nodesign.net\/en\/regard-critique-design-thinking-jean-louis-frechin-ifm-podcast\/#primaryimage\",\"url\":\"https:\/\/www.nodesign.net\/wp-content\/uploads\/2017\/10\/IFM_Podcasts-1.jpg\",\"contentUrl\":\"https:\/\/www.nodesign.net\/wp-content\/uploads\/2017\/10\/IFM_Podcasts-1.jpg\",\"width\":298,\"height\":224},{\"@type\":\"BreadcrumbList\",\"@id\":\"https:\/\/www.nodesign.net\/en\/regard-critique-design-thinking-jean-louis-frechin-ifm-podcast\/#breadcrumb\",\"itemListElement\":[{\"@type\":\"ListItem\",\"position\":1,\"name\":\"Accueil\",\"item\":\"https:\/\/www.nodesign.net\/en\/home\/\"},{\"@type\":\"ListItem\",\"position\":2,\"name\":\"Un regard critique sur le \u00ab design thinking \u00bb: Jean Louis Frechin sur IFM Podcast\"}]},{\"@type\":\"WebSite\",\"@id\":\"https:\/\/www.nodesign.net\/en\/#website\",\"url\":\"https:\/\/www.nodesign.net\/en\/\",\"name\":\"nodesign.net\",\"description\":\"innovation through design\",\"potentialAction\":[{\"@type\":\"SearchAction\",\"target\":{\"@type\":\"EntryPoint\",\"urlTemplate\":\"https:\/\/www.nodesign.net\/en\/?s={search_term_string}\"},\"query-input\":{\"@type\":\"PropertyValueSpecification\",\"valueRequired\":true,\"valueName\":\"search_term_string\"}}],\"inLanguage\":\"en-US\"},{\"@type\":\"Person\",\"@id\":\"https:\/\/www.nodesign.net\/en\/#\/schema\/person\/371bc8d4f13aaefe2351944258582b2a\",\"name\":\"jordi\",\"url\":\"https:\/\/www.nodesign.net\/en\/author\/jordi\/\"}]}<\/script>\n<!-- \/ Yoast SEO plugin. -->","yoast_head_json":{"title":"Un regard critique sur le \u00ab design thinking \u00bb: Jean Louis Frechin sur IFM Podcast - nodesign.net","description":"Regard critique sur la notion de \u00ab\u00a0design thinking\u00a0\u00bb, devenue une m\u00e9thode privil\u00e9gi\u00e9e chez les consultants, mais dont le mod\u00e8le atteint ses limites.","robots":{"index":"index","follow":"follow","max-snippet":"max-snippet:-1","max-image-preview":"max-image-preview:large","max-video-preview":"max-video-preview:-1"},"canonical":"https:\/\/www.nodesign.net\/en\/regard-critique-design-thinking-jean-louis-frechin-ifm-podcast\/","og_locale":"en_US","og_type":"article","og_title":"Un regard critique sur le \u00ab design thinking \u00bb: Jean Louis Frechin sur IFM Podcast - nodesign.net","og_description":"Regard critique sur la notion de \u00ab\u00a0design thinking\u00a0\u00bb, devenue une m\u00e9thode privil\u00e9gi\u00e9e chez les consultants, mais dont le mod\u00e8le atteint ses limites.","og_url":"https:\/\/www.nodesign.net\/en\/regard-critique-design-thinking-jean-louis-frechin-ifm-podcast\/","og_site_name":"nodesign.net","article_published_time":"2017-10-23T08:36:47+00:00","article_modified_time":"2020-02-10T15:17:38+00:00","og_image":[{"width":298,"height":224,"url":"https:\/\/www.nodesign.net\/wp-content\/uploads\/2017\/10\/IFM_Podcasts-1.jpg","type":"image\/jpeg"}],"author":"jordi","twitter_card":"summary_large_image","twitter_misc":{"Written by":"jordi","Est. reading time":"1 minute"},"schema":{"@context":"https:\/\/schema.org","@graph":[{"@type":"WebPage","@id":"https:\/\/www.nodesign.net\/en\/regard-critique-design-thinking-jean-louis-frechin-ifm-podcast\/","url":"https:\/\/www.nodesign.net\/en\/regard-critique-design-thinking-jean-louis-frechin-ifm-podcast\/","name":"Un regard critique sur le \u00ab design thinking \u00bb: Jean Louis Frechin sur IFM Podcast - nodesign.net","isPartOf":{"@id":"https:\/\/www.nodesign.net\/en\/#website"},"primaryImageOfPage":{"@id":"https:\/\/www.nodesign.net\/en\/regard-critique-design-thinking-jean-louis-frechin-ifm-podcast\/#primaryimage"},"image":{"@id":"https:\/\/www.nodesign.net\/en\/regard-critique-design-thinking-jean-louis-frechin-ifm-podcast\/#primaryimage"},"thumbnailUrl":"https:\/\/www.nodesign.net\/wp-content\/uploads\/2017\/10\/IFM_Podcasts-1.jpg","datePublished":"2017-10-23T08:36:47+00:00","dateModified":"2020-02-10T15:17:38+00:00","author":{"@id":"https:\/\/www.nodesign.net\/en\/#\/schema\/person\/371bc8d4f13aaefe2351944258582b2a"},"description":"Regard critique sur la notion de \u00ab\u00a0design thinking\u00a0\u00bb, devenue une m\u00e9thode privil\u00e9gi\u00e9e chez les consultants, mais dont le mod\u00e8le atteint ses limites.","breadcrumb":{"@id":"https:\/\/www.nodesign.net\/en\/regard-critique-design-thinking-jean-louis-frechin-ifm-podcast\/#breadcrumb"},"inLanguage":"en-US","potentialAction":[{"@type":"ReadAction","target":["https:\/\/www.nodesign.net\/en\/regard-critique-design-thinking-jean-louis-frechin-ifm-podcast\/"]}]},{"@type":"ImageObject","inLanguage":"en-US","@id":"https:\/\/www.nodesign.net\/en\/regard-critique-design-thinking-jean-louis-frechin-ifm-podcast\/#primaryimage","url":"https:\/\/www.nodesign.net\/wp-content\/uploads\/2017\/10\/IFM_Podcasts-1.jpg","contentUrl":"https:\/\/www.nodesign.net\/wp-content\/uploads\/2017\/10\/IFM_Podcasts-1.jpg","width":298,"height":224},{"@type":"BreadcrumbList","@id":"https:\/\/www.nodesign.net\/en\/regard-critique-design-thinking-jean-louis-frechin-ifm-podcast\/#breadcrumb","itemListElement":[{"@type":"ListItem","position":1,"name":"Accueil","item":"https:\/\/www.nodesign.net\/en\/home\/"},{"@type":"ListItem","position":2,"name":"Un regard critique sur le \u00ab design thinking \u00bb: Jean Louis Frechin sur IFM Podcast"}]},{"@type":"WebSite","@id":"https:\/\/www.nodesign.net\/en\/#website","url":"https:\/\/www.nodesign.net\/en\/","name":"nodesign.net","description":"innovation through design","potentialAction":[{"@type":"SearchAction","target":{"@type":"EntryPoint","urlTemplate":"https:\/\/www.nodesign.net\/en\/?s={search_term_string}"},"query-input":{"@type":"PropertyValueSpecification","valueRequired":true,"valueName":"search_term_string"}}],"inLanguage":"en-US"},{"@type":"Person","@id":"https:\/\/www.nodesign.net\/en\/#\/schema\/person\/371bc8d4f13aaefe2351944258582b2a","name":"jordi","url":"https:\/\/www.nodesign.net\/en\/author\/jordi\/"}]}},"_links":{"self":[{"href":"https:\/\/www.nodesign.net\/en\/wp-json\/wp\/v2\/posts\/4705"}],"collection":[{"href":"https:\/\/www.nodesign.net\/en\/wp-json\/wp\/v2\/posts"}],"about":[{"href":"https:\/\/www.nodesign.net\/en\/wp-json\/wp\/v2\/types\/post"}],"author":[{"embeddable":true,"href":"https:\/\/www.nodesign.net\/en\/wp-json\/wp\/v2\/users\/8"}],"replies":[{"embeddable":true,"href":"https:\/\/www.nodesign.net\/en\/wp-json\/wp\/v2\/comments?post=4705"}],"version-history":[{"count":0,"href":"https:\/\/www.nodesign.net\/en\/wp-json\/wp\/v2\/posts\/4705\/revisions"}],"wp:featuredmedia":[{"embeddable":true,"href":"https:\/\/www.nodesign.net\/en\/wp-json\/wp\/v2\/media\/4711"}],"wp:attachment":[{"href":"https:\/\/www.nodesign.net\/en\/wp-json\/wp\/v2\/media?parent=4705"}],"wp:term":[{"taxonomy":"category","embeddable":true,"href":"https:\/\/www.nodesign.net\/en\/wp-json\/wp\/v2\/categories?post=4705"},{"taxonomy":"post_tag","embeddable":true,"href":"https:\/\/www.nodesign.net\/en\/wp-json\/wp\/v2\/tags?post=4705"}],"curies":[{"name":"wp","href":"https:\/\/api.w.org\/{rel}","templated":true}]}}