{"id":4677,"date":"2017-10-12T10:02:34","date_gmt":"2017-10-12T09:02:34","guid":{"rendered":"https:\/\/www.nodesign.net\/?p=4677"},"modified":"2020-02-10T16:29:04","modified_gmt":"2020-02-10T15:29:04","slug":"entretien-jean-louis-frechin-site-de-media-paris-saclay","status":"publish","type":"post","link":"https:\/\/www.nodesign.net\/en\/entretien-jean-louis-frechin-site-de-media-paris-saclay\/","title":{"rendered":"Entretien avec Jean Louis Frechin sur le site de Edf Lab |  Paris Saclay"},"content":{"rendered":"<div id=\"chapo\"><em>Suite de nos \u00e9chos \u00e0 l\u2019exposition Observeur du Design 2017 qu&#8217;EDF Lab Paris-Saclay accueillait au cours du mois de septembre \u00e0 travers, cette fois, l\u2019entretien que l\u2019architecte et designer de Nodesign.net, Jean-Louis Frechin, qui avait fait le d\u00e9placement pour son inauguration, a bien voulu nous accorder sur le vif.<\/em><\/div>\n<div class=\"entry-content\">\n<p><strong>&#8211; Nous vous avions d\u00e9j\u00e0 interview\u00e9 \u2013 c\u2019\u00e9tait \u00e0 l\u2019occasion de l\u2019\u00e9dition 2014 de Paris-Saclay Invest [pour acc\u00e9der \u00e0 l\u2019entretien,\u00a0<a href=\"http:\/\/www.media-paris-saclay.fr\/regard-de-jean-louis-frechin-designer-de-linnovation-sur-paris-saclay\/\">cliquer ici<\/a>]. Etiez-vous revenu depuis sur le Plateau de Saclay ?<br \/>\n<\/strong>Non. C\u2019est dire si je suis content d\u2019avoir pu participer \u00e0 l\u2019inauguration de l\u2019exposition Observeur du Design : ce fut l\u2019occasion pour moi de d\u00e9couvrir enfin les nouveaux b\u00e2timents d\u2019EDF Lab Paris-Saclay. A l\u2019\u00e9poque, le site \u00e9tait encore en chantier. Reconnaissons que le r\u00e9sultat est exceptionnel et impressionnant. Depuis ce lieu, on peut voir \u00e0 quel point le Plateau de Saclay change, en tout cas de ce c\u00f4t\u00e9-ci. Dans mon souvenir, il n\u2019y avait pas autant de grues. J\u2019esp\u00e8re juste que les choses iront en s\u2019am\u00e9liorant au plan de la signal\u00e9tique. Comme je l\u2019avais d\u00e9j\u00e0 dit dans le pr\u00e9c\u00e9dent entretien, il importe que celle-ci soit dans son design \u00e0 la hauteur de la particularit\u00e9 de l\u2019\u00e9cosyst\u00e8me et de sa vocation \u00e0 encourager l\u2019innovation.<\/p>\n<p><strong>Voir tout l&#8217;entretien sur le site de Media Paris Saclay :<\/strong><\/p>\n<\/div>\n<p><a href=\"http:\/\/www.media-paris-saclay.fr\/un-designer-radical-entretien-avec-jean-louis-frechin\/\">http:\/\/www.media-paris-saclay.fr\/un-designer-radical-entretien-avec-jean-louis-frechin\/<\/a><\/p>\n","protected":false},"excerpt":{"rendered":"<p>Suite de nos \u00e9chos \u00e0 l\u2019exposition Observeur du Design 2017 qu&#8217;EDF Lab Paris-Saclay accueillait au cours du mois de septembre \u00e0 travers, cette fois, l\u2019entretien que l\u2019architecte et designer de Nodesign.net, Jean-Louis Frechin, qui avait fait le d\u00e9placement pour son inauguration, a bien voulu nous accorder sur le vif. &#8211; Nous vous avions d\u00e9j\u00e0 interview\u00e9 [&hellip;]<\/p>\n","protected":false},"author":8,"featured_media":4679,"comment_status":"closed","ping_status":"closed","sticky":false,"template":"","format":"standard","meta":{"_exactmetrics_skip_tracking":false,"_exactmetrics_sitenote_active":false,"_exactmetrics_sitenote_note":"","_exactmetrics_sitenote_category":0,"footnotes":"","_links_to":"","_links_to_target":""},"categories":[8,16],"tags":[],"yoast_head":"<!-- This site is optimized with the Yoast SEO plugin v24.0 - https:\/\/yoast.com\/wordpress\/plugins\/seo\/ -->\n<title>Entretien avec Jean Louis Frechin sur le site de Edf Lab | Paris Saclay - nodesign.net<\/title>\n<meta name=\"description\" content=\"Suite \u00e0 l\u2019exposition Observeur du Design 2017 \u00e0 EDF Lab Paris-Saclay, un entretien avec Jean-Louis Frechin, l\u2019architecte et fondateur de Nodesign.net.\" \/>\n<meta name=\"robots\" content=\"index, follow, max-snippet:-1, max-image-preview:large, max-video-preview:-1\" \/>\n<link rel=\"canonical\" href=\"https:\/\/www.nodesign.net\/en\/entretien-jean-louis-frechin-site-de-media-paris-saclay\/\" \/>\n<meta property=\"og:locale\" content=\"en_US\" \/>\n<meta property=\"og:type\" content=\"article\" \/>\n<meta property=\"og:title\" content=\"Entretien avec Jean Louis Frechin sur le site de Edf Lab | Paris Saclay - nodesign.net\" \/>\n<meta property=\"og:description\" content=\"Suite \u00e0 l\u2019exposition Observeur du Design 2017 \u00e0 EDF Lab Paris-Saclay, un entretien avec Jean-Louis Frechin, l\u2019architecte et fondateur de Nodesign.net.\" \/>\n<meta property=\"og:url\" content=\"https:\/\/www.nodesign.net\/en\/entretien-jean-louis-frechin-site-de-media-paris-saclay\/\" \/>\n<meta property=\"og:site_name\" content=\"nodesign.net\" \/>\n<meta property=\"article:published_time\" content=\"2017-10-12T09:02:34+00:00\" \/>\n<meta property=\"article:modified_time\" content=\"2020-02-10T15:29:04+00:00\" \/>\n<meta property=\"og:image\" content=\"https:\/\/www.nodesign.net\/wp-content\/uploads\/2017\/10\/JLFrechinObserveurDesignSlider.jpg\" \/>\n\t<meta property=\"og:image:width\" content=\"445\" \/>\n\t<meta property=\"og:image:height\" content=\"334\" \/>\n\t<meta property=\"og:image:type\" content=\"image\/jpeg\" \/>\n<meta name=\"author\" content=\"jordi\" \/>\n<meta name=\"twitter:card\" content=\"summary_large_image\" \/>\n<meta name=\"twitter:label1\" content=\"Written by\" \/>\n\t<meta name=\"twitter:data1\" content=\"jordi\" \/>\n\t<meta name=\"twitter:label2\" content=\"Est. reading time\" \/>\n\t<meta name=\"twitter:data2\" content=\"1 minute\" \/>\n<script type=\"application\/ld+json\" class=\"yoast-schema-graph\">{\"@context\":\"https:\/\/schema.org\",\"@graph\":[{\"@type\":\"WebPage\",\"@id\":\"https:\/\/www.nodesign.net\/en\/entretien-jean-louis-frechin-site-de-media-paris-saclay\/\",\"url\":\"https:\/\/www.nodesign.net\/en\/entretien-jean-louis-frechin-site-de-media-paris-saclay\/\",\"name\":\"Entretien avec Jean Louis Frechin sur le site de Edf Lab | Paris Saclay - nodesign.net\",\"isPartOf\":{\"@id\":\"https:\/\/www.nodesign.net\/en\/#website\"},\"primaryImageOfPage\":{\"@id\":\"https:\/\/www.nodesign.net\/en\/entretien-jean-louis-frechin-site-de-media-paris-saclay\/#primaryimage\"},\"image\":{\"@id\":\"https:\/\/www.nodesign.net\/en\/entretien-jean-louis-frechin-site-de-media-paris-saclay\/#primaryimage\"},\"thumbnailUrl\":\"https:\/\/www.nodesign.net\/wp-content\/uploads\/2017\/10\/JLFrechinObserveurDesignSlider.jpg\",\"datePublished\":\"2017-10-12T09:02:34+00:00\",\"dateModified\":\"2020-02-10T15:29:04+00:00\",\"author\":{\"@id\":\"https:\/\/www.nodesign.net\/en\/#\/schema\/person\/371bc8d4f13aaefe2351944258582b2a\"},\"description\":\"Suite \u00e0 l\u2019exposition Observeur du Design 2017 \u00e0 EDF Lab Paris-Saclay, un entretien avec Jean-Louis Frechin, l\u2019architecte et fondateur de Nodesign.net.\",\"breadcrumb\":{\"@id\":\"https:\/\/www.nodesign.net\/en\/entretien-jean-louis-frechin-site-de-media-paris-saclay\/#breadcrumb\"},\"inLanguage\":\"en-US\",\"potentialAction\":[{\"@type\":\"ReadAction\",\"target\":[\"https:\/\/www.nodesign.net\/en\/entretien-jean-louis-frechin-site-de-media-paris-saclay\/\"]}]},{\"@type\":\"ImageObject\",\"inLanguage\":\"en-US\",\"@id\":\"https:\/\/www.nodesign.net\/en\/entretien-jean-louis-frechin-site-de-media-paris-saclay\/#primaryimage\",\"url\":\"https:\/\/www.nodesign.net\/wp-content\/uploads\/2017\/10\/JLFrechinObserveurDesignSlider.jpg\",\"contentUrl\":\"https:\/\/www.nodesign.net\/wp-content\/uploads\/2017\/10\/JLFrechinObserveurDesignSlider.jpg\",\"width\":445,\"height\":334},{\"@type\":\"BreadcrumbList\",\"@id\":\"https:\/\/www.nodesign.net\/en\/entretien-jean-louis-frechin-site-de-media-paris-saclay\/#breadcrumb\",\"itemListElement\":[{\"@type\":\"ListItem\",\"position\":1,\"name\":\"Accueil\",\"item\":\"https:\/\/www.nodesign.net\/en\/home\/\"},{\"@type\":\"ListItem\",\"position\":2,\"name\":\"Entretien avec Jean Louis Frechin sur le site de Edf Lab | Paris Saclay\"}]},{\"@type\":\"WebSite\",\"@id\":\"https:\/\/www.nodesign.net\/en\/#website\",\"url\":\"https:\/\/www.nodesign.net\/en\/\",\"name\":\"nodesign.net\",\"description\":\"innovation through design\",\"potentialAction\":[{\"@type\":\"SearchAction\",\"target\":{\"@type\":\"EntryPoint\",\"urlTemplate\":\"https:\/\/www.nodesign.net\/en\/?s={search_term_string}\"},\"query-input\":{\"@type\":\"PropertyValueSpecification\",\"valueRequired\":true,\"valueName\":\"search_term_string\"}}],\"inLanguage\":\"en-US\"},{\"@type\":\"Person\",\"@id\":\"https:\/\/www.nodesign.net\/en\/#\/schema\/person\/371bc8d4f13aaefe2351944258582b2a\",\"name\":\"jordi\",\"url\":\"https:\/\/www.nodesign.net\/en\/author\/jordi\/\"}]}<\/script>\n<!-- \/ Yoast SEO plugin. -->","yoast_head_json":{"title":"Entretien avec Jean Louis Frechin sur le site de Edf Lab | Paris Saclay - nodesign.net","description":"Suite \u00e0 l\u2019exposition Observeur du Design 2017 \u00e0 EDF Lab Paris-Saclay, un entretien avec Jean-Louis Frechin, l\u2019architecte et fondateur de Nodesign.net.","robots":{"index":"index","follow":"follow","max-snippet":"max-snippet:-1","max-image-preview":"max-image-preview:large","max-video-preview":"max-video-preview:-1"},"canonical":"https:\/\/www.nodesign.net\/en\/entretien-jean-louis-frechin-site-de-media-paris-saclay\/","og_locale":"en_US","og_type":"article","og_title":"Entretien avec Jean Louis Frechin sur le site de Edf Lab | Paris Saclay - nodesign.net","og_description":"Suite \u00e0 l\u2019exposition Observeur du Design 2017 \u00e0 EDF Lab Paris-Saclay, un entretien avec Jean-Louis Frechin, l\u2019architecte et fondateur de Nodesign.net.","og_url":"https:\/\/www.nodesign.net\/en\/entretien-jean-louis-frechin-site-de-media-paris-saclay\/","og_site_name":"nodesign.net","article_published_time":"2017-10-12T09:02:34+00:00","article_modified_time":"2020-02-10T15:29:04+00:00","og_image":[{"width":445,"height":334,"url":"https:\/\/www.nodesign.net\/wp-content\/uploads\/2017\/10\/JLFrechinObserveurDesignSlider.jpg","type":"image\/jpeg"}],"author":"jordi","twitter_card":"summary_large_image","twitter_misc":{"Written by":"jordi","Est. reading time":"1 minute"},"schema":{"@context":"https:\/\/schema.org","@graph":[{"@type":"WebPage","@id":"https:\/\/www.nodesign.net\/en\/entretien-jean-louis-frechin-site-de-media-paris-saclay\/","url":"https:\/\/www.nodesign.net\/en\/entretien-jean-louis-frechin-site-de-media-paris-saclay\/","name":"Entretien avec Jean Louis Frechin sur le site de Edf Lab | Paris Saclay - nodesign.net","isPartOf":{"@id":"https:\/\/www.nodesign.net\/en\/#website"},"primaryImageOfPage":{"@id":"https:\/\/www.nodesign.net\/en\/entretien-jean-louis-frechin-site-de-media-paris-saclay\/#primaryimage"},"image":{"@id":"https:\/\/www.nodesign.net\/en\/entretien-jean-louis-frechin-site-de-media-paris-saclay\/#primaryimage"},"thumbnailUrl":"https:\/\/www.nodesign.net\/wp-content\/uploads\/2017\/10\/JLFrechinObserveurDesignSlider.jpg","datePublished":"2017-10-12T09:02:34+00:00","dateModified":"2020-02-10T15:29:04+00:00","author":{"@id":"https:\/\/www.nodesign.net\/en\/#\/schema\/person\/371bc8d4f13aaefe2351944258582b2a"},"description":"Suite \u00e0 l\u2019exposition Observeur du Design 2017 \u00e0 EDF Lab Paris-Saclay, un entretien avec Jean-Louis Frechin, l\u2019architecte et fondateur de Nodesign.net.","breadcrumb":{"@id":"https:\/\/www.nodesign.net\/en\/entretien-jean-louis-frechin-site-de-media-paris-saclay\/#breadcrumb"},"inLanguage":"en-US","potentialAction":[{"@type":"ReadAction","target":["https:\/\/www.nodesign.net\/en\/entretien-jean-louis-frechin-site-de-media-paris-saclay\/"]}]},{"@type":"ImageObject","inLanguage":"en-US","@id":"https:\/\/www.nodesign.net\/en\/entretien-jean-louis-frechin-site-de-media-paris-saclay\/#primaryimage","url":"https:\/\/www.nodesign.net\/wp-content\/uploads\/2017\/10\/JLFrechinObserveurDesignSlider.jpg","contentUrl":"https:\/\/www.nodesign.net\/wp-content\/uploads\/2017\/10\/JLFrechinObserveurDesignSlider.jpg","width":445,"height":334},{"@type":"BreadcrumbList","@id":"https:\/\/www.nodesign.net\/en\/entretien-jean-louis-frechin-site-de-media-paris-saclay\/#breadcrumb","itemListElement":[{"@type":"ListItem","position":1,"name":"Accueil","item":"https:\/\/www.nodesign.net\/en\/home\/"},{"@type":"ListItem","position":2,"name":"Entretien avec Jean Louis Frechin sur le site de Edf Lab | Paris Saclay"}]},{"@type":"WebSite","@id":"https:\/\/www.nodesign.net\/en\/#website","url":"https:\/\/www.nodesign.net\/en\/","name":"nodesign.net","description":"innovation through design","potentialAction":[{"@type":"SearchAction","target":{"@type":"EntryPoint","urlTemplate":"https:\/\/www.nodesign.net\/en\/?s={search_term_string}"},"query-input":{"@type":"PropertyValueSpecification","valueRequired":true,"valueName":"search_term_string"}}],"inLanguage":"en-US"},{"@type":"Person","@id":"https:\/\/www.nodesign.net\/en\/#\/schema\/person\/371bc8d4f13aaefe2351944258582b2a","name":"jordi","url":"https:\/\/www.nodesign.net\/en\/author\/jordi\/"}]}},"_links":{"self":[{"href":"https:\/\/www.nodesign.net\/en\/wp-json\/wp\/v2\/posts\/4677"}],"collection":[{"href":"https:\/\/www.nodesign.net\/en\/wp-json\/wp\/v2\/posts"}],"about":[{"href":"https:\/\/www.nodesign.net\/en\/wp-json\/wp\/v2\/types\/post"}],"author":[{"embeddable":true,"href":"https:\/\/www.nodesign.net\/en\/wp-json\/wp\/v2\/users\/8"}],"replies":[{"embeddable":true,"href":"https:\/\/www.nodesign.net\/en\/wp-json\/wp\/v2\/comments?post=4677"}],"version-history":[{"count":0,"href":"https:\/\/www.nodesign.net\/en\/wp-json\/wp\/v2\/posts\/4677\/revisions"}],"wp:featuredmedia":[{"embeddable":true,"href":"https:\/\/www.nodesign.net\/en\/wp-json\/wp\/v2\/media\/4679"}],"wp:attachment":[{"href":"https:\/\/www.nodesign.net\/en\/wp-json\/wp\/v2\/media?parent=4677"}],"wp:term":[{"taxonomy":"category","embeddable":true,"href":"https:\/\/www.nodesign.net\/en\/wp-json\/wp\/v2\/categories?post=4677"},{"taxonomy":"post_tag","embeddable":true,"href":"https:\/\/www.nodesign.net\/en\/wp-json\/wp\/v2\/tags?post=4677"}],"curies":[{"name":"wp","href":"https:\/\/api.w.org\/{rel}","templated":true}]}}