{"id":4068,"date":"2012-01-20T11:19:26","date_gmt":"2012-01-20T10:19:26","guid":{"rendered":"https:\/\/www.nodesign.net\/2062-a-la-gaite-lyrique-2\/"},"modified":"2012-01-20T11:19:26","modified_gmt":"2012-01-20T10:19:26","slug":"2062-a-la-gaite-lyrique-2","status":"publish","type":"post","link":"https:\/\/www.nodesign.net\/en\/2062-a-la-gaite-lyrique-2\/","title":{"rendered":"Waelice \u00e0 l&#8217;exposition VIA Design 2012"},"content":{"rendered":"<p><a href=\"https:\/\/www.nodesign.net\/wp-content\/uploads\/2012\/01\/logo-via-design-2012-bis.jpg\"><img loading=\"lazy\" decoding=\"async\" class=\"alignnone size-full wp-image-199\" title=\"logo-via-design-2012-bis\" src=\"https:\/\/www.nodesign.net\/wp-content\/uploads\/2012\/01\/logo-via-design-2012-bis.jpg\" alt=\"\" width=\"460\" height=\"556\" srcset=\"https:\/\/www.nodesign.net\/wp-content\/uploads\/2012\/01\/logo-via-design-2012-bis.jpg 460w, https:\/\/www.nodesign.net\/wp-content\/uploads\/2012\/01\/logo-via-design-2012-bis-124x150.jpg 124w, https:\/\/www.nodesign.net\/wp-content\/uploads\/2012\/01\/logo-via-design-2012-bis-248x300.jpg 248w\" sizes=\"(max-width: 460px) 100vw, 460px\" \/><\/a>L\u2019exposition VIA Design 2012 pr\u00e9sentera du 20 janvier au 18 mars les Aides \u00e0 la Cr\u00e9ation 2012 \u00e0 la galerie VIA \u00e0 Paris. Sur 300 m\u00e8tres carr\u00e9s, le public pourra d\u00e9couvrir 16 prototypes financ\u00e9s par VIA \u2013 tables, armoires, bancs, luminaires, canap\u00e9s, etc. \u2013  con\u00e7us par la nouvelle g\u00e9n\u00e9ration de designers fran\u00e7ais. Ev\u00e9nement  annuel, les Aides \u00e0 la Cr\u00e9ation initi\u00e9es par VIA constituent sans aucun  doute l\u2019une des grandes vitrines du design de demain.<br \/>\nR\u00e9partie en une Carte Blanche 2012-2013, neuf Aides \u00e0 Projet et une nouveaut\u00e9, le Programme Ameublement,  l\u2019exposition VIA Design 2012 rassemble des prototypes (dont 7 pour le  Programme Ameublement) qui proposent de nombreuses innovations, tant en  termes de mat\u00e9riaux, de techniques exp\u00e9rimentales et de recherche de  nouveaux proc\u00e9d\u00e9s industriels que de d\u00e9marches d\u2019\u00e9co-conception.<\/p>\n","protected":false},"excerpt":{"rendered":"<p>L\u2019exposition VIA Design 2012 pr\u00e9sentera du 20 janvier au 18 mars les Aides \u00e0 la Cr\u00e9ation 2012 \u00e0 la galerie VIA \u00e0 Paris. Sur 300 m\u00e8tres carr\u00e9s, Le public pourra d\u00e9couvrir 16 prototypes financ\u00e9s par VIA.<\/p>\n","protected":false},"author":12,"featured_media":4070,"comment_status":"closed","ping_status":"closed","sticky":false,"template":"","format":"standard","meta":{"_exactmetrics_skip_tracking":false,"_exactmetrics_sitenote_active":false,"_exactmetrics_sitenote_note":"","_exactmetrics_sitenote_category":0,"footnotes":"","_links_to":"","_links_to_target":""},"categories":[31,50],"tags":[],"yoast_head":"<!-- This site is optimized with the Yoast SEO plugin v24.0 - https:\/\/yoast.com\/wordpress\/plugins\/seo\/ -->\n<title>Waelice \u00e0 l&#039;exposition VIA Design 2012 - nodesign.net<\/title>\n<meta name=\"robots\" content=\"index, follow, max-snippet:-1, max-image-preview:large, max-video-preview:-1\" \/>\n<link rel=\"canonical\" href=\"https:\/\/www.nodesign.net\/en\/2062-a-la-gaite-lyrique-2\/\" \/>\n<meta property=\"og:locale\" content=\"en_US\" \/>\n<meta property=\"og:type\" content=\"article\" \/>\n<meta property=\"og:title\" content=\"Waelice \u00e0 l&#039;exposition VIA Design 2012 - nodesign.net\" \/>\n<meta property=\"og:description\" content=\"L\u2019exposition VIA Design 2012 pr\u00e9sentera du 20 janvier au 18 mars les Aides \u00e0 la Cr\u00e9ation 2012 \u00e0 la galerie VIA \u00e0 Paris. Sur 300 m\u00e8tres carr\u00e9s, Le public pourra d\u00e9couvrir 16 prototypes financ\u00e9s par VIA.\" \/>\n<meta property=\"og:url\" content=\"https:\/\/www.nodesign.net\/en\/2062-a-la-gaite-lyrique-2\/\" \/>\n<meta property=\"og:site_name\" content=\"nodesign.net\" \/>\n<meta property=\"article:published_time\" content=\"2012-01-20T10:19:26+00:00\" \/>\n<meta property=\"og:image\" content=\"https:\/\/www.nodesign.net\/wp-content\/uploads\/2012\/01\/Capture-d\u2019\u00e9cran-2012-01-26-\u00e0-18.24.25.jpg\" \/>\n\t<meta property=\"og:image:width\" content=\"732\" \/>\n\t<meta property=\"og:image:height\" content=\"526\" \/>\n\t<meta property=\"og:image:type\" content=\"image\/jpeg\" \/>\n<meta name=\"author\" content=\"Jean-Louis frechin\" \/>\n<meta name=\"twitter:card\" content=\"summary_large_image\" \/>\n<meta name=\"twitter:label1\" content=\"Written by\" \/>\n\t<meta name=\"twitter:data1\" content=\"Jean-Louis frechin\" \/>\n\t<meta name=\"twitter:label2\" content=\"Est. reading time\" \/>\n\t<meta name=\"twitter:data2\" content=\"1 minute\" \/>\n<script type=\"application\/ld+json\" class=\"yoast-schema-graph\">{\"@context\":\"https:\/\/schema.org\",\"@graph\":[{\"@type\":\"WebPage\",\"@id\":\"https:\/\/www.nodesign.net\/en\/2062-a-la-gaite-lyrique-2\/\",\"url\":\"https:\/\/www.nodesign.net\/en\/2062-a-la-gaite-lyrique-2\/\",\"name\":\"Waelice \u00e0 l'exposition VIA Design 2012 - nodesign.net\",\"isPartOf\":{\"@id\":\"https:\/\/www.nodesign.net\/en\/#website\"},\"primaryImageOfPage\":{\"@id\":\"https:\/\/www.nodesign.net\/en\/2062-a-la-gaite-lyrique-2\/#primaryimage\"},\"image\":{\"@id\":\"https:\/\/www.nodesign.net\/en\/2062-a-la-gaite-lyrique-2\/#primaryimage\"},\"thumbnailUrl\":\"https:\/\/www.nodesign.net\/wp-content\/uploads\/2012\/01\/Capture-d\u2019\u00e9cran-2012-01-26-\u00e0-18.24.25.jpg\",\"datePublished\":\"2012-01-20T10:19:26+00:00\",\"dateModified\":\"2012-01-20T10:19:26+00:00\",\"author\":{\"@id\":\"https:\/\/www.nodesign.net\/en\/#\/schema\/person\/02c732cbd4d4d55c6fe0b12ce188051b\"},\"breadcrumb\":{\"@id\":\"https:\/\/www.nodesign.net\/en\/2062-a-la-gaite-lyrique-2\/#breadcrumb\"},\"inLanguage\":\"en-US\",\"potentialAction\":[{\"@type\":\"ReadAction\",\"target\":[\"https:\/\/www.nodesign.net\/en\/2062-a-la-gaite-lyrique-2\/\"]}]},{\"@type\":\"ImageObject\",\"inLanguage\":\"en-US\",\"@id\":\"https:\/\/www.nodesign.net\/en\/2062-a-la-gaite-lyrique-2\/#primaryimage\",\"url\":\"https:\/\/www.nodesign.net\/wp-content\/uploads\/2012\/01\/Capture-d\u2019\u00e9cran-2012-01-26-\u00e0-18.24.25.jpg\",\"contentUrl\":\"https:\/\/www.nodesign.net\/wp-content\/uploads\/2012\/01\/Capture-d\u2019\u00e9cran-2012-01-26-\u00e0-18.24.25.jpg\",\"width\":732,\"height\":526},{\"@type\":\"BreadcrumbList\",\"@id\":\"https:\/\/www.nodesign.net\/en\/2062-a-la-gaite-lyrique-2\/#breadcrumb\",\"itemListElement\":[{\"@type\":\"ListItem\",\"position\":1,\"name\":\"Accueil\",\"item\":\"https:\/\/www.nodesign.net\/en\/home\/\"},{\"@type\":\"ListItem\",\"position\":2,\"name\":\"Waelice \u00e0 l&#8217;exposition VIA Design 2012\"}]},{\"@type\":\"WebSite\",\"@id\":\"https:\/\/www.nodesign.net\/en\/#website\",\"url\":\"https:\/\/www.nodesign.net\/en\/\",\"name\":\"nodesign.net\",\"description\":\"innovation through design\",\"potentialAction\":[{\"@type\":\"SearchAction\",\"target\":{\"@type\":\"EntryPoint\",\"urlTemplate\":\"https:\/\/www.nodesign.net\/en\/?s={search_term_string}\"},\"query-input\":{\"@type\":\"PropertyValueSpecification\",\"valueRequired\":true,\"valueName\":\"search_term_string\"}}],\"inLanguage\":\"en-US\"},{\"@type\":\"Person\",\"@id\":\"https:\/\/www.nodesign.net\/en\/#\/schema\/person\/02c732cbd4d4d55c6fe0b12ce188051b\",\"name\":\"Jean-Louis frechin\",\"sameAs\":[\"https:\/\/www.nodesign.net\"],\"url\":\"https:\/\/www.nodesign.net\/en\/author\/jlf\/\"}]}<\/script>\n<!-- \/ Yoast SEO plugin. -->","yoast_head_json":{"title":"Waelice \u00e0 l'exposition VIA Design 2012 - nodesign.net","robots":{"index":"index","follow":"follow","max-snippet":"max-snippet:-1","max-image-preview":"max-image-preview:large","max-video-preview":"max-video-preview:-1"},"canonical":"https:\/\/www.nodesign.net\/en\/2062-a-la-gaite-lyrique-2\/","og_locale":"en_US","og_type":"article","og_title":"Waelice \u00e0 l'exposition VIA Design 2012 - nodesign.net","og_description":"L\u2019exposition VIA Design 2012 pr\u00e9sentera du 20 janvier au 18 mars les Aides \u00e0 la Cr\u00e9ation 2012 \u00e0 la galerie VIA \u00e0 Paris. Sur 300 m\u00e8tres carr\u00e9s, Le public pourra d\u00e9couvrir 16 prototypes financ\u00e9s par VIA.","og_url":"https:\/\/www.nodesign.net\/en\/2062-a-la-gaite-lyrique-2\/","og_site_name":"nodesign.net","article_published_time":"2012-01-20T10:19:26+00:00","og_image":[{"width":732,"height":526,"url":"https:\/\/www.nodesign.net\/wp-content\/uploads\/2012\/01\/Capture-d\u2019\u00e9cran-2012-01-26-\u00e0-18.24.25.jpg","type":"image\/jpeg"}],"author":"Jean-Louis frechin","twitter_card":"summary_large_image","twitter_misc":{"Written by":"Jean-Louis frechin","Est. reading time":"1 minute"},"schema":{"@context":"https:\/\/schema.org","@graph":[{"@type":"WebPage","@id":"https:\/\/www.nodesign.net\/en\/2062-a-la-gaite-lyrique-2\/","url":"https:\/\/www.nodesign.net\/en\/2062-a-la-gaite-lyrique-2\/","name":"Waelice \u00e0 l'exposition VIA Design 2012 - nodesign.net","isPartOf":{"@id":"https:\/\/www.nodesign.net\/en\/#website"},"primaryImageOfPage":{"@id":"https:\/\/www.nodesign.net\/en\/2062-a-la-gaite-lyrique-2\/#primaryimage"},"image":{"@id":"https:\/\/www.nodesign.net\/en\/2062-a-la-gaite-lyrique-2\/#primaryimage"},"thumbnailUrl":"https:\/\/www.nodesign.net\/wp-content\/uploads\/2012\/01\/Capture-d\u2019\u00e9cran-2012-01-26-\u00e0-18.24.25.jpg","datePublished":"2012-01-20T10:19:26+00:00","dateModified":"2012-01-20T10:19:26+00:00","author":{"@id":"https:\/\/www.nodesign.net\/en\/#\/schema\/person\/02c732cbd4d4d55c6fe0b12ce188051b"},"breadcrumb":{"@id":"https:\/\/www.nodesign.net\/en\/2062-a-la-gaite-lyrique-2\/#breadcrumb"},"inLanguage":"en-US","potentialAction":[{"@type":"ReadAction","target":["https:\/\/www.nodesign.net\/en\/2062-a-la-gaite-lyrique-2\/"]}]},{"@type":"ImageObject","inLanguage":"en-US","@id":"https:\/\/www.nodesign.net\/en\/2062-a-la-gaite-lyrique-2\/#primaryimage","url":"https:\/\/www.nodesign.net\/wp-content\/uploads\/2012\/01\/Capture-d\u2019\u00e9cran-2012-01-26-\u00e0-18.24.25.jpg","contentUrl":"https:\/\/www.nodesign.net\/wp-content\/uploads\/2012\/01\/Capture-d\u2019\u00e9cran-2012-01-26-\u00e0-18.24.25.jpg","width":732,"height":526},{"@type":"BreadcrumbList","@id":"https:\/\/www.nodesign.net\/en\/2062-a-la-gaite-lyrique-2\/#breadcrumb","itemListElement":[{"@type":"ListItem","position":1,"name":"Accueil","item":"https:\/\/www.nodesign.net\/en\/home\/"},{"@type":"ListItem","position":2,"name":"Waelice \u00e0 l&#8217;exposition VIA Design 2012"}]},{"@type":"WebSite","@id":"https:\/\/www.nodesign.net\/en\/#website","url":"https:\/\/www.nodesign.net\/en\/","name":"nodesign.net","description":"innovation through design","potentialAction":[{"@type":"SearchAction","target":{"@type":"EntryPoint","urlTemplate":"https:\/\/www.nodesign.net\/en\/?s={search_term_string}"},"query-input":{"@type":"PropertyValueSpecification","valueRequired":true,"valueName":"search_term_string"}}],"inLanguage":"en-US"},{"@type":"Person","@id":"https:\/\/www.nodesign.net\/en\/#\/schema\/person\/02c732cbd4d4d55c6fe0b12ce188051b","name":"Jean-Louis frechin","sameAs":["https:\/\/www.nodesign.net"],"url":"https:\/\/www.nodesign.net\/en\/author\/jlf\/"}]}},"_links":{"self":[{"href":"https:\/\/www.nodesign.net\/en\/wp-json\/wp\/v2\/posts\/4068"}],"collection":[{"href":"https:\/\/www.nodesign.net\/en\/wp-json\/wp\/v2\/posts"}],"about":[{"href":"https:\/\/www.nodesign.net\/en\/wp-json\/wp\/v2\/types\/post"}],"author":[{"embeddable":true,"href":"https:\/\/www.nodesign.net\/en\/wp-json\/wp\/v2\/users\/12"}],"replies":[{"embeddable":true,"href":"https:\/\/www.nodesign.net\/en\/wp-json\/wp\/v2\/comments?post=4068"}],"version-history":[{"count":0,"href":"https:\/\/www.nodesign.net\/en\/wp-json\/wp\/v2\/posts\/4068\/revisions"}],"wp:featuredmedia":[{"embeddable":true,"href":"https:\/\/www.nodesign.net\/en\/wp-json\/wp\/v2\/media\/4070"}],"wp:attachment":[{"href":"https:\/\/www.nodesign.net\/en\/wp-json\/wp\/v2\/media?parent=4068"}],"wp:term":[{"taxonomy":"category","embeddable":true,"href":"https:\/\/www.nodesign.net\/en\/wp-json\/wp\/v2\/categories?post=4068"},{"taxonomy":"post_tag","embeddable":true,"href":"https:\/\/www.nodesign.net\/en\/wp-json\/wp\/v2\/tags?post=4068"}],"curies":[{"name":"wp","href":"https:\/\/api.w.org\/{rel}","templated":true}]}}