{"id":4038,"date":"2013-03-18T18:46:20","date_gmt":"2013-03-18T17:46:20","guid":{"rendered":"https:\/\/www.nodesign.net\/biennale-internationale-design-saint-etienne-2013\/"},"modified":"2013-03-18T18:46:20","modified_gmt":"2013-03-18T17:46:20","slug":"biennale-internationale-design-saint-etienne-2013","status":"publish","type":"post","link":"https:\/\/www.nodesign.net\/en\/biennale-internationale-design-saint-etienne-2013\/","title":{"rendered":"Biennale Internationale Design Saint-Etienne 2013"},"content":{"rendered":"<p>[portfolio_slideshow]Nodesign expose six produits innovants \u00e0 l&#8217;edition 2013 de la\u00a0Biennale Internationale Design de Saint-Etienne.<br \/>\nExposition &#8220;Demain c&#8217;est aujourd&#8217; hui&#8221; par Claire Fayole :<\/p>\n<ul>\n<li><a title=\"Datam\u00e8tre, Servi\u00e7om\u00e8tre, D\u00e9pendom\u00e8tre\" href=\"https:\/\/www.nodesign.net\/en\/portfolio\/dependometre\/\" target=\"_blank\">D\u00e9pendom\u00e8tre<\/a> ( sp\u00e9cialement con\u00e7u pour l&#8217;\u00e9v\u00e9nement )<\/li>\n<li><a title=\"\u00c9tabli Num\u00e9rique\" href=\"https:\/\/www.nodesign.net\/en\/portfolio\/etabli-numerique\/\" target=\"_blank\">Etabli num\u00e9rique<\/a><\/li>\n<\/ul>\n<p>Exposition &#8220;Trait d&#8217;unions&#8221; par Eliumstudio:<\/p>\n<ul>\n<li><a title=\"WaElice\" href=\"https:\/\/www.nodesign.net\/en\/portfolio\/waelice\/\" target=\"_blank\">Waelice<\/a><\/li>\n<li><a title=\"Sculpteo App\" href=\"https:\/\/www.nodesign.net\/portfolio\/sculpteo-app\/\" target=\"_blank\">Vase en C\u00e9ramique param\u00e8trique ( Sculpteo App )<\/a><\/li>\n<li><a title=\"Sculpteo 3DPcase\" href=\"https:\/\/www.nodesign.net\/en\/portfolio\/sculpteo-3dpcase\/\" target=\"_blank\">Coque iPhone param\u00e8trique ( 3DPcase )<\/a><\/li>\n<li><a title=\"FabWall\" href=\"https:\/\/www.nodesign.net\/?p=2919\" target=\"_blank\">FabWall<\/a><\/li>\n<\/ul>\n<p>&nbsp;<\/p>\n","protected":false},"excerpt":{"rendered":"<p>Nodesign expose six produits innovants \u00e0 l&#8217;edition 2013 de la Biennale Internationale Design de Saint-Etienne.<\/p>\n","protected":false},"author":3,"featured_media":4040,"comment_status":"closed","ping_status":"closed","sticky":false,"template":"","format":"standard","meta":{"_exactmetrics_skip_tracking":false,"_exactmetrics_sitenote_active":false,"_exactmetrics_sitenote_note":"","_exactmetrics_sitenote_category":0,"footnotes":"","_links_to":"","_links_to_target":""},"categories":[31,48,50],"tags":[],"yoast_head":"<!-- This site is optimized with the Yoast SEO plugin v24.0 - https:\/\/yoast.com\/wordpress\/plugins\/seo\/ -->\n<title>Biennale Internationale Design Saint-Etienne 2013 - nodesign.net<\/title>\n<meta name=\"robots\" content=\"index, follow, max-snippet:-1, max-image-preview:large, max-video-preview:-1\" \/>\n<link rel=\"canonical\" href=\"https:\/\/www.nodesign.net\/en\/biennale-internationale-design-saint-etienne-2013\/\" \/>\n<meta property=\"og:locale\" content=\"en_US\" \/>\n<meta property=\"og:type\" content=\"article\" \/>\n<meta property=\"og:title\" content=\"Biennale Internationale Design Saint-Etienne 2013 - nodesign.net\" \/>\n<meta property=\"og:description\" content=\"Nodesign expose six produits innovants \u00e0 l&#039;edition 2013 de la Biennale Internationale Design de Saint-Etienne.\" \/>\n<meta property=\"og:url\" content=\"https:\/\/www.nodesign.net\/en\/biennale-internationale-design-saint-etienne-2013\/\" \/>\n<meta property=\"og:site_name\" content=\"nodesign.net\" \/>\n<meta property=\"article:published_time\" content=\"2013-03-18T17:46:20+00:00\" \/>\n<meta property=\"og:image\" content=\"https:\/\/www.nodesign.net\/wp-content\/uploads\/2013\/03\/stetienne1.jpg\" \/>\n\t<meta property=\"og:image:width\" content=\"900\" \/>\n\t<meta property=\"og:image:height\" content=\"490\" \/>\n\t<meta property=\"og:image:type\" content=\"image\/jpeg\" \/>\n<meta name=\"author\" content=\"angelo\" \/>\n<meta name=\"twitter:card\" content=\"summary_large_image\" \/>\n<meta name=\"twitter:label1\" content=\"Written by\" \/>\n\t<meta name=\"twitter:data1\" content=\"angelo\" \/>\n<script type=\"application\/ld+json\" class=\"yoast-schema-graph\">{\"@context\":\"https:\/\/schema.org\",\"@graph\":[{\"@type\":\"WebPage\",\"@id\":\"https:\/\/www.nodesign.net\/en\/biennale-internationale-design-saint-etienne-2013\/\",\"url\":\"https:\/\/www.nodesign.net\/en\/biennale-internationale-design-saint-etienne-2013\/\",\"name\":\"Biennale Internationale Design Saint-Etienne 2013 - nodesign.net\",\"isPartOf\":{\"@id\":\"https:\/\/www.nodesign.net\/en\/#website\"},\"primaryImageOfPage\":{\"@id\":\"https:\/\/www.nodesign.net\/en\/biennale-internationale-design-saint-etienne-2013\/#primaryimage\"},\"image\":{\"@id\":\"https:\/\/www.nodesign.net\/en\/biennale-internationale-design-saint-etienne-2013\/#primaryimage\"},\"thumbnailUrl\":\"https:\/\/www.nodesign.net\/wp-content\/uploads\/2013\/03\/stetienne1.jpg\",\"datePublished\":\"2013-03-18T17:46:20+00:00\",\"dateModified\":\"2013-03-18T17:46:20+00:00\",\"author\":{\"@id\":\"https:\/\/www.nodesign.net\/en\/#\/schema\/person\/25e6998fd35f3e914350d0220751e31b\"},\"breadcrumb\":{\"@id\":\"https:\/\/www.nodesign.net\/en\/biennale-internationale-design-saint-etienne-2013\/#breadcrumb\"},\"inLanguage\":\"en-US\",\"potentialAction\":[{\"@type\":\"ReadAction\",\"target\":[\"https:\/\/www.nodesign.net\/en\/biennale-internationale-design-saint-etienne-2013\/\"]}]},{\"@type\":\"ImageObject\",\"inLanguage\":\"en-US\",\"@id\":\"https:\/\/www.nodesign.net\/en\/biennale-internationale-design-saint-etienne-2013\/#primaryimage\",\"url\":\"https:\/\/www.nodesign.net\/wp-content\/uploads\/2013\/03\/stetienne1.jpg\",\"contentUrl\":\"https:\/\/www.nodesign.net\/wp-content\/uploads\/2013\/03\/stetienne1.jpg\",\"width\":900,\"height\":490},{\"@type\":\"BreadcrumbList\",\"@id\":\"https:\/\/www.nodesign.net\/en\/biennale-internationale-design-saint-etienne-2013\/#breadcrumb\",\"itemListElement\":[{\"@type\":\"ListItem\",\"position\":1,\"name\":\"Accueil\",\"item\":\"https:\/\/www.nodesign.net\/en\/home\/\"},{\"@type\":\"ListItem\",\"position\":2,\"name\":\"Biennale Internationale Design Saint-Etienne 2013\"}]},{\"@type\":\"WebSite\",\"@id\":\"https:\/\/www.nodesign.net\/en\/#website\",\"url\":\"https:\/\/www.nodesign.net\/en\/\",\"name\":\"nodesign.net\",\"description\":\"innovation through design\",\"potentialAction\":[{\"@type\":\"SearchAction\",\"target\":{\"@type\":\"EntryPoint\",\"urlTemplate\":\"https:\/\/www.nodesign.net\/en\/?s={search_term_string}\"},\"query-input\":{\"@type\":\"PropertyValueSpecification\",\"valueRequired\":true,\"valueName\":\"search_term_string\"}}],\"inLanguage\":\"en-US\"},{\"@type\":\"Person\",\"@id\":\"https:\/\/www.nodesign.net\/en\/#\/schema\/person\/25e6998fd35f3e914350d0220751e31b\",\"name\":\"angelo\",\"url\":\"https:\/\/www.nodesign.net\/en\/author\/angelo\/\"}]}<\/script>\n<!-- \/ Yoast SEO plugin. -->","yoast_head_json":{"title":"Biennale Internationale Design Saint-Etienne 2013 - nodesign.net","robots":{"index":"index","follow":"follow","max-snippet":"max-snippet:-1","max-image-preview":"max-image-preview:large","max-video-preview":"max-video-preview:-1"},"canonical":"https:\/\/www.nodesign.net\/en\/biennale-internationale-design-saint-etienne-2013\/","og_locale":"en_US","og_type":"article","og_title":"Biennale Internationale Design Saint-Etienne 2013 - nodesign.net","og_description":"Nodesign expose six produits innovants \u00e0 l'edition 2013 de la Biennale Internationale Design de Saint-Etienne.","og_url":"https:\/\/www.nodesign.net\/en\/biennale-internationale-design-saint-etienne-2013\/","og_site_name":"nodesign.net","article_published_time":"2013-03-18T17:46:20+00:00","og_image":[{"width":900,"height":490,"url":"https:\/\/www.nodesign.net\/wp-content\/uploads\/2013\/03\/stetienne1.jpg","type":"image\/jpeg"}],"author":"angelo","twitter_card":"summary_large_image","twitter_misc":{"Written by":"angelo"},"schema":{"@context":"https:\/\/schema.org","@graph":[{"@type":"WebPage","@id":"https:\/\/www.nodesign.net\/en\/biennale-internationale-design-saint-etienne-2013\/","url":"https:\/\/www.nodesign.net\/en\/biennale-internationale-design-saint-etienne-2013\/","name":"Biennale Internationale Design Saint-Etienne 2013 - nodesign.net","isPartOf":{"@id":"https:\/\/www.nodesign.net\/en\/#website"},"primaryImageOfPage":{"@id":"https:\/\/www.nodesign.net\/en\/biennale-internationale-design-saint-etienne-2013\/#primaryimage"},"image":{"@id":"https:\/\/www.nodesign.net\/en\/biennale-internationale-design-saint-etienne-2013\/#primaryimage"},"thumbnailUrl":"https:\/\/www.nodesign.net\/wp-content\/uploads\/2013\/03\/stetienne1.jpg","datePublished":"2013-03-18T17:46:20+00:00","dateModified":"2013-03-18T17:46:20+00:00","author":{"@id":"https:\/\/www.nodesign.net\/en\/#\/schema\/person\/25e6998fd35f3e914350d0220751e31b"},"breadcrumb":{"@id":"https:\/\/www.nodesign.net\/en\/biennale-internationale-design-saint-etienne-2013\/#breadcrumb"},"inLanguage":"en-US","potentialAction":[{"@type":"ReadAction","target":["https:\/\/www.nodesign.net\/en\/biennale-internationale-design-saint-etienne-2013\/"]}]},{"@type":"ImageObject","inLanguage":"en-US","@id":"https:\/\/www.nodesign.net\/en\/biennale-internationale-design-saint-etienne-2013\/#primaryimage","url":"https:\/\/www.nodesign.net\/wp-content\/uploads\/2013\/03\/stetienne1.jpg","contentUrl":"https:\/\/www.nodesign.net\/wp-content\/uploads\/2013\/03\/stetienne1.jpg","width":900,"height":490},{"@type":"BreadcrumbList","@id":"https:\/\/www.nodesign.net\/en\/biennale-internationale-design-saint-etienne-2013\/#breadcrumb","itemListElement":[{"@type":"ListItem","position":1,"name":"Accueil","item":"https:\/\/www.nodesign.net\/en\/home\/"},{"@type":"ListItem","position":2,"name":"Biennale Internationale Design Saint-Etienne 2013"}]},{"@type":"WebSite","@id":"https:\/\/www.nodesign.net\/en\/#website","url":"https:\/\/www.nodesign.net\/en\/","name":"nodesign.net","description":"innovation through design","potentialAction":[{"@type":"SearchAction","target":{"@type":"EntryPoint","urlTemplate":"https:\/\/www.nodesign.net\/en\/?s={search_term_string}"},"query-input":{"@type":"PropertyValueSpecification","valueRequired":true,"valueName":"search_term_string"}}],"inLanguage":"en-US"},{"@type":"Person","@id":"https:\/\/www.nodesign.net\/en\/#\/schema\/person\/25e6998fd35f3e914350d0220751e31b","name":"angelo","url":"https:\/\/www.nodesign.net\/en\/author\/angelo\/"}]}},"_links":{"self":[{"href":"https:\/\/www.nodesign.net\/en\/wp-json\/wp\/v2\/posts\/4038"}],"collection":[{"href":"https:\/\/www.nodesign.net\/en\/wp-json\/wp\/v2\/posts"}],"about":[{"href":"https:\/\/www.nodesign.net\/en\/wp-json\/wp\/v2\/types\/post"}],"author":[{"embeddable":true,"href":"https:\/\/www.nodesign.net\/en\/wp-json\/wp\/v2\/users\/3"}],"replies":[{"embeddable":true,"href":"https:\/\/www.nodesign.net\/en\/wp-json\/wp\/v2\/comments?post=4038"}],"version-history":[{"count":0,"href":"https:\/\/www.nodesign.net\/en\/wp-json\/wp\/v2\/posts\/4038\/revisions"}],"wp:featuredmedia":[{"embeddable":true,"href":"https:\/\/www.nodesign.net\/en\/wp-json\/wp\/v2\/media\/4040"}],"wp:attachment":[{"href":"https:\/\/www.nodesign.net\/en\/wp-json\/wp\/v2\/media?parent=4038"}],"wp:term":[{"taxonomy":"category","embeddable":true,"href":"https:\/\/www.nodesign.net\/en\/wp-json\/wp\/v2\/categories?post=4038"},{"taxonomy":"post_tag","embeddable":true,"href":"https:\/\/www.nodesign.net\/en\/wp-json\/wp\/v2\/tags?post=4038"}],"curies":[{"name":"wp","href":"https:\/\/api.w.org\/{rel}","templated":true}]}}