{"id":4019,"date":"2013-10-03T09:56:49","date_gmt":"2013-10-03T08:56:49","guid":{"rendered":"https:\/\/www.nodesign.net\/nodesign-a-aide-edp-a-creer-son-fablab-a-lisbone\/"},"modified":"2017-03-27T17:35:03","modified_gmt":"2017-03-27T16:35:03","slug":"nodesign-a-aide-edp-a-creer-son-fablab-a-lisbone","status":"publish","type":"post","link":"https:\/\/www.nodesign.net\/en\/nodesign-a-aide-edp-a-creer-son-fablab-a-lisbone\/","title":{"rendered":"Nodesign a aid\u00e9 EDP a cr\u00e9er son Fablab \u00e0 Lisbonne"},"content":{"rendered":"<p>En ao\u00fbt dernier\u00a0Ant\u00f3nio Vidigal, pr\u00e9sident de EDP\u00a0Inova\u00e7\u00e3o,\u00a0a pr\u00e9sent\u00e9 au Festival Inova\u00e7ao &amp; Criatividade le <a href=\"http:\/\/www.fablabedp.edp.pt\/en\/node\/53\" target=\"_blank\">Fablab EDP<\/a>, premier Fablab au Portugal. Nodesign a aid\u00e9 et conseill\u00e9 EDP dans la cr\u00e9ation de ce laboratoire.<br \/>\n<iframe loading=\"lazy\" src=\"\/\/www.youtube.com\/embed\/SEO6IEH4mYo\" width=\"900\" height=\"506\" frameborder=\"0\" allowfullscreen=\"allowfullscreen\"><\/iframe><\/p>\n","protected":false},"excerpt":{"rendered":"<p>En ao\u00fbt dernier EDP\u00a0a pr\u00e9sent\u00e9 son Fablab au Festival Inova\u00e7ao &#038; Criatividade. Nodesign a aid\u00e9 et conseill\u00e9 EDP dans la cr\u00e9ation de ce laboratoire. <\/p>\n","protected":false},"author":3,"featured_media":4020,"comment_status":"closed","ping_status":"closed","sticky":false,"template":"","format":"standard","meta":{"_exactmetrics_skip_tracking":false,"_exactmetrics_sitenote_active":false,"_exactmetrics_sitenote_note":"","_exactmetrics_sitenote_category":0,"footnotes":"","_links_to":"","_links_to_target":""},"categories":[31,48],"tags":[],"yoast_head":"<!-- This site is optimized with the Yoast SEO plugin v24.0 - https:\/\/yoast.com\/wordpress\/plugins\/seo\/ -->\n<title>Nodesign a aid\u00e9 EDP a cr\u00e9er son Fablab \u00e0 Lisbonne - nodesign.net<\/title>\n<meta name=\"robots\" content=\"index, follow, max-snippet:-1, max-image-preview:large, max-video-preview:-1\" \/>\n<link rel=\"canonical\" href=\"https:\/\/www.nodesign.net\/en\/nodesign-a-aide-edp-a-creer-son-fablab-a-lisbone\/\" \/>\n<meta property=\"og:locale\" content=\"en_US\" \/>\n<meta property=\"og:type\" content=\"article\" \/>\n<meta property=\"og:title\" content=\"Nodesign a aid\u00e9 EDP a cr\u00e9er son Fablab \u00e0 Lisbonne - nodesign.net\" \/>\n<meta property=\"og:description\" content=\"En ao\u00fbt dernier EDP\u00a0a pr\u00e9sent\u00e9 son Fablab au Festival Inova\u00e7ao &amp; Criatividade. Nodesign a aid\u00e9 et conseill\u00e9 EDP dans la cr\u00e9ation de ce laboratoire.\" \/>\n<meta property=\"og:url\" content=\"https:\/\/www.nodesign.net\/en\/nodesign-a-aide-edp-a-creer-son-fablab-a-lisbone\/\" \/>\n<meta property=\"og:site_name\" content=\"nodesign.net\" \/>\n<meta property=\"article:published_time\" content=\"2013-10-03T08:56:49+00:00\" \/>\n<meta property=\"article:modified_time\" content=\"2017-03-27T16:35:03+00:00\" \/>\n<meta property=\"og:image\" content=\"https:\/\/www.nodesign.net\/wp-content\/uploads\/2013\/10\/edp.jpg\" \/>\n\t<meta property=\"og:image:width\" content=\"900\" \/>\n\t<meta property=\"og:image:height\" content=\"490\" \/>\n\t<meta property=\"og:image:type\" content=\"image\/jpeg\" \/>\n<meta name=\"author\" content=\"angelo\" \/>\n<meta name=\"twitter:card\" content=\"summary_large_image\" \/>\n<meta name=\"twitter:label1\" content=\"Written by\" \/>\n\t<meta name=\"twitter:data1\" content=\"angelo\" \/>\n<script type=\"application\/ld+json\" class=\"yoast-schema-graph\">{\"@context\":\"https:\/\/schema.org\",\"@graph\":[{\"@type\":\"WebPage\",\"@id\":\"https:\/\/www.nodesign.net\/en\/nodesign-a-aide-edp-a-creer-son-fablab-a-lisbone\/\",\"url\":\"https:\/\/www.nodesign.net\/en\/nodesign-a-aide-edp-a-creer-son-fablab-a-lisbone\/\",\"name\":\"Nodesign a aid\u00e9 EDP a cr\u00e9er son Fablab \u00e0 Lisbonne - nodesign.net\",\"isPartOf\":{\"@id\":\"https:\/\/www.nodesign.net\/en\/#website\"},\"primaryImageOfPage\":{\"@id\":\"https:\/\/www.nodesign.net\/en\/nodesign-a-aide-edp-a-creer-son-fablab-a-lisbone\/#primaryimage\"},\"image\":{\"@id\":\"https:\/\/www.nodesign.net\/en\/nodesign-a-aide-edp-a-creer-son-fablab-a-lisbone\/#primaryimage\"},\"thumbnailUrl\":\"https:\/\/www.nodesign.net\/wp-content\/uploads\/2013\/10\/edp.jpg\",\"datePublished\":\"2013-10-03T08:56:49+00:00\",\"dateModified\":\"2017-03-27T16:35:03+00:00\",\"author\":{\"@id\":\"https:\/\/www.nodesign.net\/en\/#\/schema\/person\/25e6998fd35f3e914350d0220751e31b\"},\"breadcrumb\":{\"@id\":\"https:\/\/www.nodesign.net\/en\/nodesign-a-aide-edp-a-creer-son-fablab-a-lisbone\/#breadcrumb\"},\"inLanguage\":\"en-US\",\"potentialAction\":[{\"@type\":\"ReadAction\",\"target\":[\"https:\/\/www.nodesign.net\/en\/nodesign-a-aide-edp-a-creer-son-fablab-a-lisbone\/\"]}]},{\"@type\":\"ImageObject\",\"inLanguage\":\"en-US\",\"@id\":\"https:\/\/www.nodesign.net\/en\/nodesign-a-aide-edp-a-creer-son-fablab-a-lisbone\/#primaryimage\",\"url\":\"https:\/\/www.nodesign.net\/wp-content\/uploads\/2013\/10\/edp.jpg\",\"contentUrl\":\"https:\/\/www.nodesign.net\/wp-content\/uploads\/2013\/10\/edp.jpg\",\"width\":900,\"height\":490},{\"@type\":\"BreadcrumbList\",\"@id\":\"https:\/\/www.nodesign.net\/en\/nodesign-a-aide-edp-a-creer-son-fablab-a-lisbone\/#breadcrumb\",\"itemListElement\":[{\"@type\":\"ListItem\",\"position\":1,\"name\":\"Accueil\",\"item\":\"https:\/\/www.nodesign.net\/en\/home\/\"},{\"@type\":\"ListItem\",\"position\":2,\"name\":\"Nodesign a aid\u00e9 EDP a cr\u00e9er son Fablab \u00e0 Lisbonne\"}]},{\"@type\":\"WebSite\",\"@id\":\"https:\/\/www.nodesign.net\/en\/#website\",\"url\":\"https:\/\/www.nodesign.net\/en\/\",\"name\":\"nodesign.net\",\"description\":\"innovation through design\",\"potentialAction\":[{\"@type\":\"SearchAction\",\"target\":{\"@type\":\"EntryPoint\",\"urlTemplate\":\"https:\/\/www.nodesign.net\/en\/?s={search_term_string}\"},\"query-input\":{\"@type\":\"PropertyValueSpecification\",\"valueRequired\":true,\"valueName\":\"search_term_string\"}}],\"inLanguage\":\"en-US\"},{\"@type\":\"Person\",\"@id\":\"https:\/\/www.nodesign.net\/en\/#\/schema\/person\/25e6998fd35f3e914350d0220751e31b\",\"name\":\"angelo\",\"url\":\"https:\/\/www.nodesign.net\/en\/author\/angelo\/\"}]}<\/script>\n<!-- \/ Yoast SEO plugin. -->","yoast_head_json":{"title":"Nodesign a aid\u00e9 EDP a cr\u00e9er son Fablab \u00e0 Lisbonne - nodesign.net","robots":{"index":"index","follow":"follow","max-snippet":"max-snippet:-1","max-image-preview":"max-image-preview:large","max-video-preview":"max-video-preview:-1"},"canonical":"https:\/\/www.nodesign.net\/en\/nodesign-a-aide-edp-a-creer-son-fablab-a-lisbone\/","og_locale":"en_US","og_type":"article","og_title":"Nodesign a aid\u00e9 EDP a cr\u00e9er son Fablab \u00e0 Lisbonne - nodesign.net","og_description":"En ao\u00fbt dernier EDP\u00a0a pr\u00e9sent\u00e9 son Fablab au Festival Inova\u00e7ao & Criatividade. Nodesign a aid\u00e9 et conseill\u00e9 EDP dans la cr\u00e9ation de ce laboratoire.","og_url":"https:\/\/www.nodesign.net\/en\/nodesign-a-aide-edp-a-creer-son-fablab-a-lisbone\/","og_site_name":"nodesign.net","article_published_time":"2013-10-03T08:56:49+00:00","article_modified_time":"2017-03-27T16:35:03+00:00","og_image":[{"width":900,"height":490,"url":"https:\/\/www.nodesign.net\/wp-content\/uploads\/2013\/10\/edp.jpg","type":"image\/jpeg"}],"author":"angelo","twitter_card":"summary_large_image","twitter_misc":{"Written by":"angelo"},"schema":{"@context":"https:\/\/schema.org","@graph":[{"@type":"WebPage","@id":"https:\/\/www.nodesign.net\/en\/nodesign-a-aide-edp-a-creer-son-fablab-a-lisbone\/","url":"https:\/\/www.nodesign.net\/en\/nodesign-a-aide-edp-a-creer-son-fablab-a-lisbone\/","name":"Nodesign a aid\u00e9 EDP a cr\u00e9er son Fablab \u00e0 Lisbonne - nodesign.net","isPartOf":{"@id":"https:\/\/www.nodesign.net\/en\/#website"},"primaryImageOfPage":{"@id":"https:\/\/www.nodesign.net\/en\/nodesign-a-aide-edp-a-creer-son-fablab-a-lisbone\/#primaryimage"},"image":{"@id":"https:\/\/www.nodesign.net\/en\/nodesign-a-aide-edp-a-creer-son-fablab-a-lisbone\/#primaryimage"},"thumbnailUrl":"https:\/\/www.nodesign.net\/wp-content\/uploads\/2013\/10\/edp.jpg","datePublished":"2013-10-03T08:56:49+00:00","dateModified":"2017-03-27T16:35:03+00:00","author":{"@id":"https:\/\/www.nodesign.net\/en\/#\/schema\/person\/25e6998fd35f3e914350d0220751e31b"},"breadcrumb":{"@id":"https:\/\/www.nodesign.net\/en\/nodesign-a-aide-edp-a-creer-son-fablab-a-lisbone\/#breadcrumb"},"inLanguage":"en-US","potentialAction":[{"@type":"ReadAction","target":["https:\/\/www.nodesign.net\/en\/nodesign-a-aide-edp-a-creer-son-fablab-a-lisbone\/"]}]},{"@type":"ImageObject","inLanguage":"en-US","@id":"https:\/\/www.nodesign.net\/en\/nodesign-a-aide-edp-a-creer-son-fablab-a-lisbone\/#primaryimage","url":"https:\/\/www.nodesign.net\/wp-content\/uploads\/2013\/10\/edp.jpg","contentUrl":"https:\/\/www.nodesign.net\/wp-content\/uploads\/2013\/10\/edp.jpg","width":900,"height":490},{"@type":"BreadcrumbList","@id":"https:\/\/www.nodesign.net\/en\/nodesign-a-aide-edp-a-creer-son-fablab-a-lisbone\/#breadcrumb","itemListElement":[{"@type":"ListItem","position":1,"name":"Accueil","item":"https:\/\/www.nodesign.net\/en\/home\/"},{"@type":"ListItem","position":2,"name":"Nodesign a aid\u00e9 EDP a cr\u00e9er son Fablab \u00e0 Lisbonne"}]},{"@type":"WebSite","@id":"https:\/\/www.nodesign.net\/en\/#website","url":"https:\/\/www.nodesign.net\/en\/","name":"nodesign.net","description":"innovation through design","potentialAction":[{"@type":"SearchAction","target":{"@type":"EntryPoint","urlTemplate":"https:\/\/www.nodesign.net\/en\/?s={search_term_string}"},"query-input":{"@type":"PropertyValueSpecification","valueRequired":true,"valueName":"search_term_string"}}],"inLanguage":"en-US"},{"@type":"Person","@id":"https:\/\/www.nodesign.net\/en\/#\/schema\/person\/25e6998fd35f3e914350d0220751e31b","name":"angelo","url":"https:\/\/www.nodesign.net\/en\/author\/angelo\/"}]}},"_links":{"self":[{"href":"https:\/\/www.nodesign.net\/en\/wp-json\/wp\/v2\/posts\/4019"}],"collection":[{"href":"https:\/\/www.nodesign.net\/en\/wp-json\/wp\/v2\/posts"}],"about":[{"href":"https:\/\/www.nodesign.net\/en\/wp-json\/wp\/v2\/types\/post"}],"author":[{"embeddable":true,"href":"https:\/\/www.nodesign.net\/en\/wp-json\/wp\/v2\/users\/3"}],"replies":[{"embeddable":true,"href":"https:\/\/www.nodesign.net\/en\/wp-json\/wp\/v2\/comments?post=4019"}],"version-history":[{"count":0,"href":"https:\/\/www.nodesign.net\/en\/wp-json\/wp\/v2\/posts\/4019\/revisions"}],"wp:featuredmedia":[{"embeddable":true,"href":"https:\/\/www.nodesign.net\/en\/wp-json\/wp\/v2\/media\/4020"}],"wp:attachment":[{"href":"https:\/\/www.nodesign.net\/en\/wp-json\/wp\/v2\/media?parent=4019"}],"wp:term":[{"taxonomy":"category","embeddable":true,"href":"https:\/\/www.nodesign.net\/en\/wp-json\/wp\/v2\/categories?post=4019"},{"taxonomy":"post_tag","embeddable":true,"href":"https:\/\/www.nodesign.net\/en\/wp-json\/wp\/v2\/tags?post=4019"}],"curies":[{"name":"wp","href":"https:\/\/api.w.org\/{rel}","templated":true}]}}