{"id":2980,"date":"2016-05-26T14:34:57","date_gmt":"2016-05-26T13:34:57","guid":{"rendered":"https:\/\/www.nodesign.net\/actualites\/fr-en"},"modified":"2020-02-26T18:16:33","modified_gmt":"2020-02-26T17:16:33","slug":"francais-exposition-electrosound","status":"publish","type":"post","link":"https:\/\/www.nodesign.net\/en\/francais-exposition-electrosound\/","title":{"rendered":"Exposition &#8220;Electrosound&#8221; \u00e0 la Fondation EDF"},"content":{"rendered":"<p>[portfolio_slideshow]Exposition Electrosound du lab au dancefloor ouvre ces portes \u00e0 l&#8217;Espace Fondation EDF, 6 rue R\u00e9camier du 25 mai au 2 octobre 2016.<\/p>\n<p><strong>Commissariat et sc\u00e9nographie : Jean-Louis Frechin et Uros Petrevski<\/strong><\/p>\n<p>L\u2019exposition ElectroSound\u00a0 propose de tracer le fil d\u2019une histoire qui a vu l\u2019\u00e9lectricit\u00e9, l\u2019\u00e9lectronique puis l\u2019informatique investir le champ musical, jusqu\u2019\u00e0 donner naissance \u00e0 un mouvement culturel majeur, que l\u2019on nomme aujourd\u2019hui \u00ab electro\u00a0\u00bb.<\/p>\n<p>La musique est pr\u00e9curseur. Elle constitue un laboratoire d\u2019innovation sociale, artistique et technologique. Elle a toujours entretenu des rapports pr\u00e9coces et fondateurs avec les technologies de son \u00e9poque, qu\u2019il s\u2019agisse de l\u2019invention des Ondes Martenot vers 1930, du renouvellement du rock gr\u00e2ce au synth\u00e9tiseur, de la r\u00e9volution du home-studio \u00e0 travers l\u2019ordinateur personnel, de la d\u00e9mocratisation des logiciels de composition ou de la diversit\u00e9 et la cr\u00e9ativit\u00e9 actuelle des nouveaux instruments.<\/p>\n<p>La musique a \u00e9t\u00e9 la premi\u00e8re forme d\u2019art \u00e0 exploiter le potentiel de l\u2019ordinateur, une machine universelle qui, lib\u00e9rant les artistes d\u2019un point de vue cr\u00e9atif, technique et \u00e9conomique, a favoris\u00e9 et fait na\u00eetre cette culture sp\u00e9cifique.<\/p>\n<p>Au-del\u00e0 des instruments et des technologies, cette culture se r\u00e9v\u00e8le \u00e9galement \u00e0 travers les objets par lesquels nous \u00e9coutons la musique, objets iconiques, charg\u00e9s de souvenirs, qui parlent de nos usages, comme le Teppaz, la boombox, le walkman ou l\u2019\u00e9ternelle platine vinyle.<\/p>\n<p>De la musique savante \u00e0 la\u00a0<i>dance music<\/i>, des laboratoires de recherche de l\u2019apr\u00e8s-guerre jusqu\u2019au triomphe actuel des festivals electros, en passant par les musiques planantes des ann\u00e9es\u00a01970 et la pop synth\u00e9tique des ann\u00e9es\u00a01980, cette exposition explore la mani\u00e8re dont les instruments, les technologies, les ing\u00e9nieurs et les artistes de la musique \u00e9lectronique ont fa\u00e7onn\u00e9 notre culture, notre imaginaire, nos plaisirs, ou peut-\u00eatre tout simplement nos vies.<\/p>\n<p>Commissariat et sc\u00e9nographie : Jean-Louis Frechin et Uros Petrevski<br \/>\nCommissariat associ\u00e9 et direction scientifique\u00a0: Jean-Yves Leloup<br \/>\nAssistance \u00e0 la sc\u00e9nographie : Lo\u00efc Le Guen et l&#8217;\u00e9quipe NoDesign<br \/>\nSignal\u00e9tique\u00a0: Encore Studio<br \/>\nInstallations interactives : Figs et Anabole<br \/>\nR\u00e9alisation vid\u00e9o : Angelo Chiacchio, Antoine Frechin, Laura Frechin<br \/>\nMise en lumi\u00e8re : Alexis Quinet<\/p>\n","protected":false},"excerpt":{"rendered":"<p>Commissariat et sc\u00e9nographie : Nodesign (Jean-Louis Frechin et Uros Petrevs<\/p>\n","protected":false},"author":3,"featured_media":3978,"comment_status":"closed","ping_status":"closed","sticky":false,"template":"","format":"standard","meta":{"_exactmetrics_skip_tracking":false,"_exactmetrics_sitenote_active":false,"_exactmetrics_sitenote_note":"","_exactmetrics_sitenote_category":0,"footnotes":"","_links_to":"","_links_to_target":""},"categories":[31,48,50],"tags":[],"yoast_head":"<!-- This site is optimized with the Yoast SEO plugin v24.0 - https:\/\/yoast.com\/wordpress\/plugins\/seo\/ -->\n<title>Exposition &quot;Electrosound&quot; \u00e0 la Fondation EDF - nodesign.net<\/title>\n<meta name=\"description\" content=\"ElectroSound\u00a0montre l\u2019\u00e9lectricit\u00e9, l\u2019\u00e9lectronique puis l\u2019informatique investir le champ musical, jusqu\u2019\u00e0 donner naissance au mouvement \u00ab electro\u00a0\u00bb.\" \/>\n<meta name=\"robots\" content=\"index, follow, max-snippet:-1, max-image-preview:large, max-video-preview:-1\" \/>\n<link rel=\"canonical\" href=\"https:\/\/www.nodesign.net\/en\/francais-exposition-electrosound\/\" \/>\n<meta property=\"og:locale\" content=\"en_US\" \/>\n<meta property=\"og:type\" content=\"article\" \/>\n<meta property=\"og:title\" content=\"Exposition &quot;Electrosound&quot; \u00e0 la Fondation EDF - nodesign.net\" \/>\n<meta property=\"og:description\" content=\"ElectroSound\u00a0montre l\u2019\u00e9lectricit\u00e9, l\u2019\u00e9lectronique puis l\u2019informatique investir le champ musical, jusqu\u2019\u00e0 donner naissance au mouvement \u00ab electro\u00a0\u00bb.\" \/>\n<meta property=\"og:url\" content=\"https:\/\/www.nodesign.net\/en\/francais-exposition-electrosound\/\" \/>\n<meta property=\"og:site_name\" content=\"nodesign.net\" \/>\n<meta property=\"article:published_time\" content=\"2016-05-26T13:34:57+00:00\" \/>\n<meta property=\"article:modified_time\" content=\"2020-02-26T17:16:33+00:00\" \/>\n<meta property=\"og:image\" content=\"https:\/\/www.nodesign.net\/wp-content\/uploads\/2016\/05\/electroSound.jpg\" \/>\n\t<meta property=\"og:image:width\" content=\"900\" \/>\n\t<meta property=\"og:image:height\" content=\"490\" \/>\n\t<meta property=\"og:image:type\" content=\"image\/jpeg\" \/>\n<meta name=\"author\" content=\"angelo\" \/>\n<meta name=\"twitter:card\" content=\"summary_large_image\" \/>\n<meta name=\"twitter:label1\" content=\"Written by\" \/>\n\t<meta name=\"twitter:data1\" content=\"angelo\" \/>\n\t<meta name=\"twitter:label2\" content=\"Est. reading time\" \/>\n\t<meta name=\"twitter:data2\" content=\"2 minutes\" \/>\n<script type=\"application\/ld+json\" class=\"yoast-schema-graph\">{\"@context\":\"https:\/\/schema.org\",\"@graph\":[{\"@type\":\"WebPage\",\"@id\":\"https:\/\/www.nodesign.net\/en\/francais-exposition-electrosound\/\",\"url\":\"https:\/\/www.nodesign.net\/en\/francais-exposition-electrosound\/\",\"name\":\"Exposition \\\"Electrosound\\\" \u00e0 la Fondation EDF - nodesign.net\",\"isPartOf\":{\"@id\":\"https:\/\/www.nodesign.net\/en\/#website\"},\"primaryImageOfPage\":{\"@id\":\"https:\/\/www.nodesign.net\/en\/francais-exposition-electrosound\/#primaryimage\"},\"image\":{\"@id\":\"https:\/\/www.nodesign.net\/en\/francais-exposition-electrosound\/#primaryimage\"},\"thumbnailUrl\":\"https:\/\/www.nodesign.net\/wp-content\/uploads\/2016\/05\/electroSound.jpg\",\"datePublished\":\"2016-05-26T13:34:57+00:00\",\"dateModified\":\"2020-02-26T17:16:33+00:00\",\"author\":{\"@id\":\"https:\/\/www.nodesign.net\/en\/#\/schema\/person\/25e6998fd35f3e914350d0220751e31b\"},\"description\":\"ElectroSound\u00a0montre l\u2019\u00e9lectricit\u00e9, l\u2019\u00e9lectronique puis l\u2019informatique investir le champ musical, jusqu\u2019\u00e0 donner naissance au mouvement \u00ab electro\u00a0\u00bb.\",\"breadcrumb\":{\"@id\":\"https:\/\/www.nodesign.net\/en\/francais-exposition-electrosound\/#breadcrumb\"},\"inLanguage\":\"en-US\",\"potentialAction\":[{\"@type\":\"ReadAction\",\"target\":[\"https:\/\/www.nodesign.net\/en\/francais-exposition-electrosound\/\"]}]},{\"@type\":\"ImageObject\",\"inLanguage\":\"en-US\",\"@id\":\"https:\/\/www.nodesign.net\/en\/francais-exposition-electrosound\/#primaryimage\",\"url\":\"https:\/\/www.nodesign.net\/wp-content\/uploads\/2016\/05\/electroSound.jpg\",\"contentUrl\":\"https:\/\/www.nodesign.net\/wp-content\/uploads\/2016\/05\/electroSound.jpg\",\"width\":900,\"height\":490},{\"@type\":\"BreadcrumbList\",\"@id\":\"https:\/\/www.nodesign.net\/en\/francais-exposition-electrosound\/#breadcrumb\",\"itemListElement\":[{\"@type\":\"ListItem\",\"position\":1,\"name\":\"Accueil\",\"item\":\"https:\/\/www.nodesign.net\/en\/home\/\"},{\"@type\":\"ListItem\",\"position\":2,\"name\":\"Exposition &#8220;Electrosound&#8221; \u00e0 la Fondation EDF\"}]},{\"@type\":\"WebSite\",\"@id\":\"https:\/\/www.nodesign.net\/en\/#website\",\"url\":\"https:\/\/www.nodesign.net\/en\/\",\"name\":\"nodesign.net\",\"description\":\"innovation through design\",\"potentialAction\":[{\"@type\":\"SearchAction\",\"target\":{\"@type\":\"EntryPoint\",\"urlTemplate\":\"https:\/\/www.nodesign.net\/en\/?s={search_term_string}\"},\"query-input\":{\"@type\":\"PropertyValueSpecification\",\"valueRequired\":true,\"valueName\":\"search_term_string\"}}],\"inLanguage\":\"en-US\"},{\"@type\":\"Person\",\"@id\":\"https:\/\/www.nodesign.net\/en\/#\/schema\/person\/25e6998fd35f3e914350d0220751e31b\",\"name\":\"angelo\",\"url\":\"https:\/\/www.nodesign.net\/en\/author\/angelo\/\"}]}<\/script>\n<!-- \/ Yoast SEO plugin. -->","yoast_head_json":{"title":"Exposition \"Electrosound\" \u00e0 la Fondation EDF - nodesign.net","description":"ElectroSound\u00a0montre l\u2019\u00e9lectricit\u00e9, l\u2019\u00e9lectronique puis l\u2019informatique investir le champ musical, jusqu\u2019\u00e0 donner naissance au mouvement \u00ab electro\u00a0\u00bb.","robots":{"index":"index","follow":"follow","max-snippet":"max-snippet:-1","max-image-preview":"max-image-preview:large","max-video-preview":"max-video-preview:-1"},"canonical":"https:\/\/www.nodesign.net\/en\/francais-exposition-electrosound\/","og_locale":"en_US","og_type":"article","og_title":"Exposition \"Electrosound\" \u00e0 la Fondation EDF - nodesign.net","og_description":"ElectroSound\u00a0montre l\u2019\u00e9lectricit\u00e9, l\u2019\u00e9lectronique puis l\u2019informatique investir le champ musical, jusqu\u2019\u00e0 donner naissance au mouvement \u00ab electro\u00a0\u00bb.","og_url":"https:\/\/www.nodesign.net\/en\/francais-exposition-electrosound\/","og_site_name":"nodesign.net","article_published_time":"2016-05-26T13:34:57+00:00","article_modified_time":"2020-02-26T17:16:33+00:00","og_image":[{"width":900,"height":490,"url":"https:\/\/www.nodesign.net\/wp-content\/uploads\/2016\/05\/electroSound.jpg","type":"image\/jpeg"}],"author":"angelo","twitter_card":"summary_large_image","twitter_misc":{"Written by":"angelo","Est. reading time":"2 minutes"},"schema":{"@context":"https:\/\/schema.org","@graph":[{"@type":"WebPage","@id":"https:\/\/www.nodesign.net\/en\/francais-exposition-electrosound\/","url":"https:\/\/www.nodesign.net\/en\/francais-exposition-electrosound\/","name":"Exposition \"Electrosound\" \u00e0 la Fondation EDF - nodesign.net","isPartOf":{"@id":"https:\/\/www.nodesign.net\/en\/#website"},"primaryImageOfPage":{"@id":"https:\/\/www.nodesign.net\/en\/francais-exposition-electrosound\/#primaryimage"},"image":{"@id":"https:\/\/www.nodesign.net\/en\/francais-exposition-electrosound\/#primaryimage"},"thumbnailUrl":"https:\/\/www.nodesign.net\/wp-content\/uploads\/2016\/05\/electroSound.jpg","datePublished":"2016-05-26T13:34:57+00:00","dateModified":"2020-02-26T17:16:33+00:00","author":{"@id":"https:\/\/www.nodesign.net\/en\/#\/schema\/person\/25e6998fd35f3e914350d0220751e31b"},"description":"ElectroSound\u00a0montre l\u2019\u00e9lectricit\u00e9, l\u2019\u00e9lectronique puis l\u2019informatique investir le champ musical, jusqu\u2019\u00e0 donner naissance au mouvement \u00ab electro\u00a0\u00bb.","breadcrumb":{"@id":"https:\/\/www.nodesign.net\/en\/francais-exposition-electrosound\/#breadcrumb"},"inLanguage":"en-US","potentialAction":[{"@type":"ReadAction","target":["https:\/\/www.nodesign.net\/en\/francais-exposition-electrosound\/"]}]},{"@type":"ImageObject","inLanguage":"en-US","@id":"https:\/\/www.nodesign.net\/en\/francais-exposition-electrosound\/#primaryimage","url":"https:\/\/www.nodesign.net\/wp-content\/uploads\/2016\/05\/electroSound.jpg","contentUrl":"https:\/\/www.nodesign.net\/wp-content\/uploads\/2016\/05\/electroSound.jpg","width":900,"height":490},{"@type":"BreadcrumbList","@id":"https:\/\/www.nodesign.net\/en\/francais-exposition-electrosound\/#breadcrumb","itemListElement":[{"@type":"ListItem","position":1,"name":"Accueil","item":"https:\/\/www.nodesign.net\/en\/home\/"},{"@type":"ListItem","position":2,"name":"Exposition &#8220;Electrosound&#8221; \u00e0 la Fondation EDF"}]},{"@type":"WebSite","@id":"https:\/\/www.nodesign.net\/en\/#website","url":"https:\/\/www.nodesign.net\/en\/","name":"nodesign.net","description":"innovation through design","potentialAction":[{"@type":"SearchAction","target":{"@type":"EntryPoint","urlTemplate":"https:\/\/www.nodesign.net\/en\/?s={search_term_string}"},"query-input":{"@type":"PropertyValueSpecification","valueRequired":true,"valueName":"search_term_string"}}],"inLanguage":"en-US"},{"@type":"Person","@id":"https:\/\/www.nodesign.net\/en\/#\/schema\/person\/25e6998fd35f3e914350d0220751e31b","name":"angelo","url":"https:\/\/www.nodesign.net\/en\/author\/angelo\/"}]}},"_links":{"self":[{"href":"https:\/\/www.nodesign.net\/en\/wp-json\/wp\/v2\/posts\/2980"}],"collection":[{"href":"https:\/\/www.nodesign.net\/en\/wp-json\/wp\/v2\/posts"}],"about":[{"href":"https:\/\/www.nodesign.net\/en\/wp-json\/wp\/v2\/types\/post"}],"author":[{"embeddable":true,"href":"https:\/\/www.nodesign.net\/en\/wp-json\/wp\/v2\/users\/3"}],"replies":[{"embeddable":true,"href":"https:\/\/www.nodesign.net\/en\/wp-json\/wp\/v2\/comments?post=2980"}],"version-history":[{"count":0,"href":"https:\/\/www.nodesign.net\/en\/wp-json\/wp\/v2\/posts\/2980\/revisions"}],"wp:featuredmedia":[{"embeddable":true,"href":"https:\/\/www.nodesign.net\/en\/wp-json\/wp\/v2\/media\/3978"}],"wp:attachment":[{"href":"https:\/\/www.nodesign.net\/en\/wp-json\/wp\/v2\/media?parent=2980"}],"wp:term":[{"taxonomy":"category","embeddable":true,"href":"https:\/\/www.nodesign.net\/en\/wp-json\/wp\/v2\/categories?post=2980"},{"taxonomy":"post_tag","embeddable":true,"href":"https:\/\/www.nodesign.net\/en\/wp-json\/wp\/v2\/tags?post=2980"}],"curies":[{"name":"wp","href":"https:\/\/api.w.org\/{rel}","templated":true}]}}