{"id":2313,"date":"2016-07-05T17:01:09","date_gmt":"2016-07-05T16:01:09","guid":{"rendered":"https:\/\/www.nodesign.net\/?p=2313"},"modified":"2017-02-17T21:04:08","modified_gmt":"2017-02-17T20:04:08","slug":"lancement-officiel-de-franceconnect","status":"publish","type":"post","link":"https:\/\/www.nodesign.net\/en\/lancement-officiel-de-franceconnect\/","title":{"rendered":"Lancement officiel de FranceConnect"},"content":{"rendered":"<p><img loading=\"lazy\" decoding=\"async\" class=\"alignnone size-full wp-image-2314\" src=\"https:\/\/www.nodesign.net\/wp-content\/uploads\/2016\/07\/fc.png\" alt=\"fc\" width=\"900\" height=\"490\" srcset=\"https:\/\/www.nodesign.net\/wp-content\/uploads\/2016\/07\/fc.png 900w, https:\/\/www.nodesign.net\/wp-content\/uploads\/2016\/07\/fc-150x82.png 150w, https:\/\/www.nodesign.net\/wp-content\/uploads\/2016\/07\/fc-300x163.png 300w, https:\/\/www.nodesign.net\/wp-content\/uploads\/2016\/07\/fc-768x418.png 768w\" sizes=\"(max-width: 900px) 100vw, 900px\" \/>Le 29 juin dernier Axelle Lemaire, secr\u00e9taire d\u2019Etat au Num\u00e9rique, et Jean-Vincent Plac\u00e9, secr\u00e9taire d&#8217;\u00c9tat \u00e0 la R\u00e9forme de l&#8217;\u00c9tat, ont inaugur\u00e9 \u00ab\u00a0FranceConnect\u00a0\u00bb, syst\u00e8me qui facilite l\u2019acc\u00e8s des usagers aux services publics en ligne, qu\u2019ils soient propos\u00e9s par l\u2019\u00c9tat, des organismes sociaux ou des collectivit\u00e9s territoriales. Un usager qui se serait identifi\u00e9 sur un site administratif \u00e0 travers FranceConnect\u00a0ne va plus avoir \u00e0 le faire une deuxi\u00e8me\u00a0fois sur un autre site l\u2019utilisant.<br \/>\nNodesign a assist\u00e9\u00a0l&#8217;\u00e9quipe de Octo dans la\u00a0conception strat\u00e9gique de l&#8217;identit\u00e9\u00a0et de\u00a0l&#8217;exp\u00e9rience du service.<\/p>\n","protected":false},"excerpt":{"rendered":"<p>Nodesign a assist\u00e9 l&#8217;\u00e9quipe de Octo dans la conception de l&#8217;identit\u00e9 et de l&#8217;exp\u00e9rience du service.<\/p>\n","protected":false},"author":3,"featured_media":2314,"comment_status":"closed","ping_status":"closed","sticky":false,"template":"","format":"standard","meta":{"_exactmetrics_skip_tracking":false,"_exactmetrics_sitenote_active":false,"_exactmetrics_sitenote_note":"","_exactmetrics_sitenote_category":0,"footnotes":"","_links_to":"","_links_to_target":""},"categories":[8,18],"tags":[],"yoast_head":"<!-- This site is optimized with the Yoast SEO plugin v24.0 - https:\/\/yoast.com\/wordpress\/plugins\/seo\/ -->\n<title>Lancement officiel de FranceConnect - nodesign.net<\/title>\n<meta name=\"robots\" content=\"index, follow, max-snippet:-1, max-image-preview:large, max-video-preview:-1\" \/>\n<link rel=\"canonical\" href=\"https:\/\/www.nodesign.net\/en\/lancement-officiel-de-franceconnect\/\" \/>\n<meta property=\"og:locale\" content=\"en_US\" \/>\n<meta property=\"og:type\" content=\"article\" \/>\n<meta property=\"og:title\" content=\"Lancement officiel de FranceConnect - nodesign.net\" \/>\n<meta property=\"og:description\" content=\"Nodesign a assist\u00e9 l&#039;\u00e9quipe de Octo dans la conception de l&#039;identit\u00e9 et de l&#039;exp\u00e9rience du service.\" \/>\n<meta property=\"og:url\" content=\"https:\/\/www.nodesign.net\/en\/lancement-officiel-de-franceconnect\/\" \/>\n<meta property=\"og:site_name\" content=\"nodesign.net\" \/>\n<meta property=\"article:published_time\" content=\"2016-07-05T16:01:09+00:00\" \/>\n<meta property=\"article:modified_time\" content=\"2017-02-17T20:04:08+00:00\" \/>\n<meta property=\"og:image\" content=\"https:\/\/www.nodesign.net\/wp-content\/uploads\/2016\/07\/fc.png\" \/>\n\t<meta property=\"og:image:width\" content=\"900\" \/>\n\t<meta property=\"og:image:height\" content=\"490\" \/>\n\t<meta property=\"og:image:type\" content=\"image\/png\" \/>\n<meta name=\"author\" content=\"angelo\" \/>\n<meta name=\"twitter:card\" content=\"summary_large_image\" \/>\n<meta name=\"twitter:label1\" content=\"Written by\" \/>\n\t<meta name=\"twitter:data1\" content=\"angelo\" \/>\n\t<meta name=\"twitter:label2\" content=\"Est. reading time\" \/>\n\t<meta name=\"twitter:data2\" content=\"1 minute\" \/>\n<script type=\"application\/ld+json\" class=\"yoast-schema-graph\">{\"@context\":\"https:\/\/schema.org\",\"@graph\":[{\"@type\":\"WebPage\",\"@id\":\"https:\/\/www.nodesign.net\/en\/lancement-officiel-de-franceconnect\/\",\"url\":\"https:\/\/www.nodesign.net\/en\/lancement-officiel-de-franceconnect\/\",\"name\":\"Lancement officiel de FranceConnect - nodesign.net\",\"isPartOf\":{\"@id\":\"https:\/\/www.nodesign.net\/en\/#website\"},\"primaryImageOfPage\":{\"@id\":\"https:\/\/www.nodesign.net\/en\/lancement-officiel-de-franceconnect\/#primaryimage\"},\"image\":{\"@id\":\"https:\/\/www.nodesign.net\/en\/lancement-officiel-de-franceconnect\/#primaryimage\"},\"thumbnailUrl\":\"https:\/\/www.nodesign.net\/wp-content\/uploads\/2016\/07\/fc.png\",\"datePublished\":\"2016-07-05T16:01:09+00:00\",\"dateModified\":\"2017-02-17T20:04:08+00:00\",\"author\":{\"@id\":\"https:\/\/www.nodesign.net\/en\/#\/schema\/person\/25e6998fd35f3e914350d0220751e31b\"},\"breadcrumb\":{\"@id\":\"https:\/\/www.nodesign.net\/en\/lancement-officiel-de-franceconnect\/#breadcrumb\"},\"inLanguage\":\"en-US\",\"potentialAction\":[{\"@type\":\"ReadAction\",\"target\":[\"https:\/\/www.nodesign.net\/en\/lancement-officiel-de-franceconnect\/\"]}]},{\"@type\":\"ImageObject\",\"inLanguage\":\"en-US\",\"@id\":\"https:\/\/www.nodesign.net\/en\/lancement-officiel-de-franceconnect\/#primaryimage\",\"url\":\"https:\/\/www.nodesign.net\/wp-content\/uploads\/2016\/07\/fc.png\",\"contentUrl\":\"https:\/\/www.nodesign.net\/wp-content\/uploads\/2016\/07\/fc.png\",\"width\":900,\"height\":490},{\"@type\":\"BreadcrumbList\",\"@id\":\"https:\/\/www.nodesign.net\/en\/lancement-officiel-de-franceconnect\/#breadcrumb\",\"itemListElement\":[{\"@type\":\"ListItem\",\"position\":1,\"name\":\"Accueil\",\"item\":\"https:\/\/www.nodesign.net\/en\/home\/\"},{\"@type\":\"ListItem\",\"position\":2,\"name\":\"Lancement officiel de FranceConnect\"}]},{\"@type\":\"WebSite\",\"@id\":\"https:\/\/www.nodesign.net\/en\/#website\",\"url\":\"https:\/\/www.nodesign.net\/en\/\",\"name\":\"nodesign.net\",\"description\":\"innovation through design\",\"potentialAction\":[{\"@type\":\"SearchAction\",\"target\":{\"@type\":\"EntryPoint\",\"urlTemplate\":\"https:\/\/www.nodesign.net\/en\/?s={search_term_string}\"},\"query-input\":{\"@type\":\"PropertyValueSpecification\",\"valueRequired\":true,\"valueName\":\"search_term_string\"}}],\"inLanguage\":\"en-US\"},{\"@type\":\"Person\",\"@id\":\"https:\/\/www.nodesign.net\/en\/#\/schema\/person\/25e6998fd35f3e914350d0220751e31b\",\"name\":\"angelo\",\"url\":\"https:\/\/www.nodesign.net\/en\/author\/angelo\/\"}]}<\/script>\n<!-- \/ Yoast SEO plugin. -->","yoast_head_json":{"title":"Lancement officiel de FranceConnect - nodesign.net","robots":{"index":"index","follow":"follow","max-snippet":"max-snippet:-1","max-image-preview":"max-image-preview:large","max-video-preview":"max-video-preview:-1"},"canonical":"https:\/\/www.nodesign.net\/en\/lancement-officiel-de-franceconnect\/","og_locale":"en_US","og_type":"article","og_title":"Lancement officiel de FranceConnect - nodesign.net","og_description":"Nodesign a assist\u00e9 l'\u00e9quipe de Octo dans la conception de l'identit\u00e9 et de l'exp\u00e9rience du service.","og_url":"https:\/\/www.nodesign.net\/en\/lancement-officiel-de-franceconnect\/","og_site_name":"nodesign.net","article_published_time":"2016-07-05T16:01:09+00:00","article_modified_time":"2017-02-17T20:04:08+00:00","og_image":[{"width":900,"height":490,"url":"https:\/\/www.nodesign.net\/wp-content\/uploads\/2016\/07\/fc.png","type":"image\/png"}],"author":"angelo","twitter_card":"summary_large_image","twitter_misc":{"Written by":"angelo","Est. reading time":"1 minute"},"schema":{"@context":"https:\/\/schema.org","@graph":[{"@type":"WebPage","@id":"https:\/\/www.nodesign.net\/en\/lancement-officiel-de-franceconnect\/","url":"https:\/\/www.nodesign.net\/en\/lancement-officiel-de-franceconnect\/","name":"Lancement officiel de FranceConnect - nodesign.net","isPartOf":{"@id":"https:\/\/www.nodesign.net\/en\/#website"},"primaryImageOfPage":{"@id":"https:\/\/www.nodesign.net\/en\/lancement-officiel-de-franceconnect\/#primaryimage"},"image":{"@id":"https:\/\/www.nodesign.net\/en\/lancement-officiel-de-franceconnect\/#primaryimage"},"thumbnailUrl":"https:\/\/www.nodesign.net\/wp-content\/uploads\/2016\/07\/fc.png","datePublished":"2016-07-05T16:01:09+00:00","dateModified":"2017-02-17T20:04:08+00:00","author":{"@id":"https:\/\/www.nodesign.net\/en\/#\/schema\/person\/25e6998fd35f3e914350d0220751e31b"},"breadcrumb":{"@id":"https:\/\/www.nodesign.net\/en\/lancement-officiel-de-franceconnect\/#breadcrumb"},"inLanguage":"en-US","potentialAction":[{"@type":"ReadAction","target":["https:\/\/www.nodesign.net\/en\/lancement-officiel-de-franceconnect\/"]}]},{"@type":"ImageObject","inLanguage":"en-US","@id":"https:\/\/www.nodesign.net\/en\/lancement-officiel-de-franceconnect\/#primaryimage","url":"https:\/\/www.nodesign.net\/wp-content\/uploads\/2016\/07\/fc.png","contentUrl":"https:\/\/www.nodesign.net\/wp-content\/uploads\/2016\/07\/fc.png","width":900,"height":490},{"@type":"BreadcrumbList","@id":"https:\/\/www.nodesign.net\/en\/lancement-officiel-de-franceconnect\/#breadcrumb","itemListElement":[{"@type":"ListItem","position":1,"name":"Accueil","item":"https:\/\/www.nodesign.net\/en\/home\/"},{"@type":"ListItem","position":2,"name":"Lancement officiel de FranceConnect"}]},{"@type":"WebSite","@id":"https:\/\/www.nodesign.net\/en\/#website","url":"https:\/\/www.nodesign.net\/en\/","name":"nodesign.net","description":"innovation through design","potentialAction":[{"@type":"SearchAction","target":{"@type":"EntryPoint","urlTemplate":"https:\/\/www.nodesign.net\/en\/?s={search_term_string}"},"query-input":{"@type":"PropertyValueSpecification","valueRequired":true,"valueName":"search_term_string"}}],"inLanguage":"en-US"},{"@type":"Person","@id":"https:\/\/www.nodesign.net\/en\/#\/schema\/person\/25e6998fd35f3e914350d0220751e31b","name":"angelo","url":"https:\/\/www.nodesign.net\/en\/author\/angelo\/"}]}},"_links":{"self":[{"href":"https:\/\/www.nodesign.net\/en\/wp-json\/wp\/v2\/posts\/2313"}],"collection":[{"href":"https:\/\/www.nodesign.net\/en\/wp-json\/wp\/v2\/posts"}],"about":[{"href":"https:\/\/www.nodesign.net\/en\/wp-json\/wp\/v2\/types\/post"}],"author":[{"embeddable":true,"href":"https:\/\/www.nodesign.net\/en\/wp-json\/wp\/v2\/users\/3"}],"replies":[{"embeddable":true,"href":"https:\/\/www.nodesign.net\/en\/wp-json\/wp\/v2\/comments?post=2313"}],"version-history":[{"count":0,"href":"https:\/\/www.nodesign.net\/en\/wp-json\/wp\/v2\/posts\/2313\/revisions"}],"wp:featuredmedia":[{"embeddable":true,"href":"https:\/\/www.nodesign.net\/en\/wp-json\/wp\/v2\/media\/2314"}],"wp:attachment":[{"href":"https:\/\/www.nodesign.net\/en\/wp-json\/wp\/v2\/media?parent=2313"}],"wp:term":[{"taxonomy":"category","embeddable":true,"href":"https:\/\/www.nodesign.net\/en\/wp-json\/wp\/v2\/categories?post=2313"},{"taxonomy":"post_tag","embeddable":true,"href":"https:\/\/www.nodesign.net\/en\/wp-json\/wp\/v2\/tags?post=2313"}],"curies":[{"name":"wp","href":"https:\/\/api.w.org\/{rel}","templated":true}]}}