{"id":6898,"date":"2023-02-06T14:59:37","date_gmt":"2023-02-06T13:59:37","guid":{"rendered":"https:\/\/www.nodesign.net\/blog\/?p=6898"},"modified":"2023-02-06T15:14:24","modified_gmt":"2023-02-06T14:14:24","slug":"yves-savinel","status":"publish","type":"post","link":"https:\/\/www.nodesign.net\/blog\/yves-savinel\/","title":{"rendered":"Yves Savinel"},"content":{"rendered":"<p>Le designer Yves Savinel, un des deux partenaires du duo Savinel &amp;Roz\u00e9 nous a quitt\u00e9 Jeudi 2 f\u00e9vrier 2023. Nous nous associons \u00e0 la peine de sa famille et de son ami Gilles Roz\u00e9.<\/p>\n<p>L&rsquo;\u00e9ternel duo, indissociable et indissoci\u00e9 repr\u00e9sentait l&rsquo;image romantique des derniers designers industriels, pleins et entiers, quand ce m\u00e9tier \u00e9tait li\u00e9 au progr\u00e8s social, technique et \u00e9conmique \u00e0 partir d&rsquo;une solide formation artistique. Ils ont \u00e9t\u00e9 enseignants et directeur d&rsquo;Unit\u00e9 \u00e0 l&rsquo;\u00c9cole Nationnale de Cr\u00e9ation industrielle, par deux fois. R\u00e9sidents du plateau du 4 et formateur avec Marc Berthier de la g\u00e9n\u00e9ration initiale des designers issus de la rue Saint Sabin. Mon professeur devenu mon ami.<\/p>\n<p>Voici le texte \u00e9crit \u00e0 l&rsquo;occasion de l&rsquo;exposition Designer(s) du Design et publi\u00e9 dans l&rsquo;ouvrage \u00e9ponyme.<\/p>\n<div class=\"page\" title=\"Page 8\">\n<div class=\"layoutArea\">\n<div class=\"column\">\n<p class=\"\"><strong><span class=\"\">Yves Savinel et Gilles Roze\u0301<\/span><\/strong><\/p>\n<p class=\"\"><em><span class=\"\">Filiations\/Mutations<\/span><\/em><\/p>\n<p class=\"\"><em><span class=\"\">Yves Savinel et Gilles Roze\u0301 symbolisent la ge\u0301ne\u0301ration de designers forme\u0301s en France a\u0300 la fin des anne\u0301es 1960, a\u0300 la faveur des enseignements mis en place par les chefs de file de l\u2019esthe\u0301tique industrielle, Jacques Vie\u0301not et Jean Prouve\u0301, ou Serge Mouille pour les arts applique\u0301s. Une premie\u0300re expe\u0301rience au sein de structures professionnelles de\u0301ja\u0300 constitue\u0301es, la\u0300 aussi par leurs ai\u0302ne\u0301s, parache\u0300ve leur solide formation de designers industriels. Gilles Roze\u0301 de\u0301bute en 1969 chez Techne\u0300s, ou\u0300 travaillent Jean Parthenay et Roger Tallon. Yves Savinel, chez Recherche et Design, dirige\u0301e par E\u0301ric Brenzinger, un ancien de la Compagnie d\u2019esthe\u0301tique industrielle de Raymond Loewy.<\/span><\/em><\/p>\n<\/div>\n<\/div>\n<div class=\"layoutArea\">\n<div class=\"column\">\n<p class=\"\"><em><span class=\"\">Dans un climat culturellement <\/span><span class=\"\">8 <\/span><span class=\"\">propice a\u0300 la diffusion et la pro<\/span><span class=\"\">motion du design en France \u2013 le Centre de cre\u0301ation industrielle (CCI) est a\u0300 peine institue\u0301 et la revue de secteur <\/span><span class=\"\">CRE\u0301E\u0301 <\/span><span class=\"\">apparait la me\u0302me anne\u0301e (1969) \u2013, la profession de designer reste malgre\u0301 tout peu comprise: l\u2019industrie saisit mal son apport re\u0301el et se tient a\u0300 distance. Afin de compenser cet e\u0301cart et asseoir leur cre\u0301dibilite\u0301, Yves Savinel et Gilles Roze\u0301 de\u0301cident de s\u2019associer, mais en s\u2019appuyant d\u2019abord sur un groupe solide et pluridisciplinaire, Sopha, au sein duquel ils cre\u0301ent en 1974 Sopha Praxis, branche spe\u0301cialise\u0301e dans le design industriel.<\/span><\/em><\/p>\n<div class=\"\">\n<div class=\"page\" title=\"Page 8\">\n<div class=\"layoutArea\">\n<div class=\"column\">\n<p class=\"\"><em><span class=\"\">De\u0301sireux d\u2019\u0153uvrer au plus pre\u0300s du projet et de se concentrer sur leur activite\u0301 privile\u0301gie\u0301e, le design de produit, ils fondent en 1981 leur propre agence, Savinel &amp; Roze\u0301 \u2013 Designers Associe\u0301s, et collaborent e\u0301troitement avec des clients tre\u0300s varie\u0301s, notamment Look, Prisunic, Bosch, Saint-Gobain, le groupe SEB pour l\u2019e\u0301lectrome\u0301nager ou encore la manufacture Baccarat, dont ils cre\u0301ent les collections en appliquant avec succe\u0300s une approche propre au design industriel. Leur large domaine d\u2019intervention inclut e\u0301galement la conception de dispositifs interactifs pour la section \u00ab Mathe\u0301matiques \u00bb de l&rsquo;exposition permanente de la Cite\u0301 des sciences et de l\u2019industrie.<\/span><\/em><\/p>\n<p class=\"\"><em><span class=\"\">Leur design fait la juste synthe\u0300se de toutes les composantes de l\u2019objet, de ses de\u0301finitions fonctionnelle, technique et e\u0301cono<\/span>mique, mais e\u0301galement de ses re\u0301fe\u0301rences formelles, esthe\u0301tiques et culturelles. Une de\u0301marche de projet honne\u0302te fac\u0327onne leur approche et leurs cre\u0301ations. Puristes et rigoureux, Yves Savinel et Gilles Roze\u0301 mettent un terme au cycle du design industriel en France, de\u0301sormais aux prises avec de nouveaux enjeux et de profondes mutations \u2013 tant me\u0301thodologiques que socio-e\u0301conomiques \u2013, et le retour en force d\u2019un \u00abdesign de de\u0301coration \u00bb. Directeurs d\u2019unite\u0301 a\u0300 l\u2019ENSCI \u2013 Les Ateliers jusqu\u2019en 2011, ils ont forme\u0301 a\u0300 leur tour une ge\u0301ne\u0301ration de designers, de la fac\u0327on dont eux aussi avaient rec\u0327u l\u2019he\u0301ritage des mai\u0302tres&#8230;<\/em><\/p>\n<\/div>\n<div class=\"column\">\n<div class=\"\">Magali Moulinier<\/div>\n<\/div>\n<\/div>\n<div><\/div>\n<div>Pour Yves Savinel, comme pour Mogoly Nagy le design est une attitude qu&rsquo;il a conduit et assum\u00e9 comme le passion\u00e9 du Japon qu&rsquo;il \u00e9tait, un Samourai !<\/div>\n<div>Salut Yves et merci, Jean louis Frechin<\/div>\n<\/div>\n<\/div>\n<\/div>\n<div>\n<div class=\"btx-item btx-video btx-center-position\"><div class=\"btx-video-inner\" style=\"max-width:1280px\"><div class=\"btx-video-content\"><iframe loading=\"lazy\" src=\"\/\/player.vimeo.com\/video\/796247474?title=0&#038;byline=0&#038;badge=0&#038;portrait=0&#038;autoplay=0\" width=\"1280\" height=\"720\" webkitallowfullscreen mozallowfullscreen allowfullscreen><\/iframe><\/div><\/div><\/div>\n<\/div>\n<div><\/div>\n<\/div>\n<\/div>\n","protected":false},"excerpt":{"rendered":"<p>Le designer Yves Savinel, un des deux partenaires du duo Savinel &amp;Roz\u00e9 nous a quitt\u00e9 Jeudi 2 f\u00e9vrier 2023. Nous nous associons \u00e0 la peine de sa famille et de son ami Gilles Roz\u00e9. L&rsquo;\u00e9ternel duo, indissociable et indissoci\u00e9 repr\u00e9sentait l&rsquo;image romantique des derniers designers industriels, pleins et entiers, quand ce m\u00e9tier \u00e9tait li\u00e9 au [&hellip;]<\/p>\n","protected":false},"author":10,"featured_media":6901,"comment_status":"closed","ping_status":"open","sticky":false,"template":"","format":"standard","meta":{"_exactmetrics_skip_tracking":false,"_exactmetrics_sitenote_active":false,"_exactmetrics_sitenote_note":"","_exactmetrics_sitenote_category":0,"footnotes":""},"categories":[8,6],"tags":[],"class_list":["post-6898","post","type-post","status-publish","format-standard","has-post-thumbnail","hentry","category-design-ducation","category-design-strategie"],"_links":{"self":[{"href":"https:\/\/www.nodesign.net\/blog\/wp-json\/wp\/v2\/posts\/6898","targetHints":{"allow":["GET"]}}],"collection":[{"href":"https:\/\/www.nodesign.net\/blog\/wp-json\/wp\/v2\/posts"}],"about":[{"href":"https:\/\/www.nodesign.net\/blog\/wp-json\/wp\/v2\/types\/post"}],"author":[{"embeddable":true,"href":"https:\/\/www.nodesign.net\/blog\/wp-json\/wp\/v2\/users\/10"}],"replies":[{"embeddable":true,"href":"https:\/\/www.nodesign.net\/blog\/wp-json\/wp\/v2\/comments?post=6898"}],"version-history":[{"count":10,"href":"https:\/\/www.nodesign.net\/blog\/wp-json\/wp\/v2\/posts\/6898\/revisions"}],"predecessor-version":[{"id":6909,"href":"https:\/\/www.nodesign.net\/blog\/wp-json\/wp\/v2\/posts\/6898\/revisions\/6909"}],"wp:featuredmedia":[{"embeddable":true,"href":"https:\/\/www.nodesign.net\/blog\/wp-json\/wp\/v2\/media\/6901"}],"wp:attachment":[{"href":"https:\/\/www.nodesign.net\/blog\/wp-json\/wp\/v2\/media?parent=6898"}],"wp:term":[{"taxonomy":"category","embeddable":true,"href":"https:\/\/www.nodesign.net\/blog\/wp-json\/wp\/v2\/categories?post=6898"},{"taxonomy":"post_tag","embeddable":true,"href":"https:\/\/www.nodesign.net\/blog\/wp-json\/wp\/v2\/tags?post=6898"}],"curies":[{"name":"wp","href":"https:\/\/api.w.org\/{rel}","templated":true}]}}