{"id":6883,"date":"2022-11-16T11:32:10","date_gmt":"2022-11-16T10:32:10","guid":{"rendered":"https:\/\/www.nodesign.net\/blog\/?p=6883"},"modified":"2022-11-16T11:33:19","modified_gmt":"2022-11-16T10:33:19","slug":"marc-berthier","status":"publish","type":"post","link":"https:\/\/www.nodesign.net\/blog\/marc-berthier\/","title":{"rendered":"Marc Berthier"},"content":{"rendered":"<div class=\"btx-item btx-image btx-center-position\"><div class=\"btx-image-container\"><div class=\"btx-media-wrapper modal-image\" style=\"max-width:100%;\"><a class=\"btx-media-wrapper-inner\" href=\"https:\/\/www.nodesign.net\/blog\/wp-content\/uploads\/2022\/11\/00_MarcBerthier_PortraitSpiralMagazine2018.jpg\" target=\"_blank\"><img loading=\"lazy\" decoding=\"async\" src=\"https:\/\/www.nodesign.net\/blog\/wp-content\/uploads\/2022\/11\/00_MarcBerthier_PortraitSpiralMagazine2018.jpg\" alt=\"Marc Berthier @Hermes\"  width=\"1804\" height=\"3720\" srcset=\"https:\/\/www.nodesign.net\/blog\/wp-content\/uploads\/2022\/11\/00_MarcBerthier_PortraitSpiralMagazine2018.jpg 1804w, https:\/\/www.nodesign.net\/blog\/wp-content\/uploads\/2022\/11\/00_MarcBerthier_PortraitSpiralMagazine2018-1280x2639.jpg 1280w, https:\/\/www.nodesign.net\/blog\/wp-content\/uploads\/2022\/11\/00_MarcBerthier_PortraitSpiralMagazine2018-497x1024.jpg 497w, https:\/\/www.nodesign.net\/blog\/wp-content\/uploads\/2022\/11\/00_MarcBerthier_PortraitSpiralMagazine2018-768x1584.jpg 768w, https:\/\/www.nodesign.net\/blog\/wp-content\/uploads\/2022\/11\/00_MarcBerthier_PortraitSpiralMagazine2018-512x1056.jpg 512w, https:\/\/www.nodesign.net\/blog\/wp-content\/uploads\/2022\/11\/00_MarcBerthier_PortraitSpiralMagazine2018-145x300.jpg 145w\" sizes=\"auto, (max-width:1804px) 100vw, 1804px\" \/><\/a><\/div><\/div><div class=\"btx-image-caption\">Cr\u00e9dits Photos \u00a9Hermes<\/div><\/div>\n<h4 class=\"column\">E\u0301le\u0301gance et Le\u0301ge\u0300rete\u0301<\/h4>\n<div class=\"layoutArea\">\n<div class=\"page\" title=\"Page 1\">\n<div class=\"layoutArea\">\n<div class=\"column\"><\/div>\n<\/div>\n<\/div>\n<div class=\"column\">\n<p>En de\u0301pit de sa discre\u0301tion, Marc Berthier est conside\u0301re\u0301 comme l\u2019un des designers les\u00a0plus talentueux et prolifique de sa ge\u0301ne\u0301ration, empreint de cultures et influences plurielles.<\/p>\n<h4>Design a\u0300 360 degre\u0301s<\/h4>\n<p>La vision de Mies Van der Rohe, l\u2019esprit \u00ab preppy \u00bb bostonien, le minimalisme des\u00a0Shakers, l\u2019e\u0301quilibre de\u0301licat du Wabi Sabi, la rigueur formelle de Rietveld, le design se\u0301duisant de l\u2019Italie des anne\u0301es 60 \u2014 qu\u2019il fait connai\u0302tre dans l\u2019hexagone en 1967 avec l\u2019exposition \u00ab Domus, formes Italiennes \u00bb \u2014, un mai\u0302tre, voire deux, Gio\u0300 Ponti et Le Corbusier, le gou\u0302t des voyages et des autres, la jeunesse qu\u2019il a \u0153uvre\u0301 a\u0300 former : la personnalite\u0301 de Marc Berthier contient autant de facettes que sa pratique du design a\u0300 360 degre\u0301s.<\/p>\n<p>Cre\u0301ateur polye\u0301drique, pionnier du design global, il a marque\u0301 un tournant majeur dans l\u2019histoire du design en France, de\u0301cloisonnant le strict champ d\u2019intervention de cette discipline a\u0300 de nombreux domaines de la cre\u0301ation, du mobilier pour le plus grand nombre des anne\u0301es plastiques avec Ozoo au design produit se\u0301duisant dont la radio Tykho s\u2019est faite\u00a0l\u2019emble\u0300me international. La direction artistique, l\u2019architecture inte\u0301rieure, le corporate design, l\u2019industrie du luxe ou l\u2019habitat industrialisable proce\u0300dent d\u2019un me\u0302me dessein : le projet comme esthe\u0301tique de vie.<\/p>\n<h4>L\u00e9g\u00e8ret\u00e9<\/h4>\n<p>Marc Berthier a de\u0301veloppe\u0301 et applique\u0301 tout au long de sa carrie\u0300re des recherches sur la le\u0301ge\u0300rete\u0301, qu\u2019il envisage comme une ve\u0301ritable philosophie de conception en terme de liberte\u0301, de mobilite\u0301, de technologie, d\u2019e\u0301conomie et d\u2019e\u0301cologie. Ce credo fondateur et pre\u0301curseur est le fil conducteur the\u0301orique et esthe\u0301tique de sa pratique. Formule\u0301 de\u0300s les anne\u0301es 1970, il magnifie l\u2019essentiel, mais aussi est une cle\u0301 du futur pour le design, auquel l\u2019e\u0301poque actuelle donne pleinement raison.<\/p>\n<h4>Transmettre<\/h4>\n<p>Pour Marc Berthier, produire et transmettre vont de pair: directeur d\u2019unite\u0301 a\u0300 l\u2019ENSCI\u2013Les Ateliers, figure tute\u0301laire de toute la ge\u0301ne\u0301ration actuelle de designers affirme\u0301s, il y partage sa vision du design : \u00ab le design est l\u2019interaction<br \/>\nculturelle, artistique, scientifique, technique et e\u0301conomique \u00bb, de\u0301passant le dualisme art et technique.<\/p>\n<p>On pourrait qualifier de \u00abcre\u0301ativite\u0301 exacte \u00bb sa production qui s\u2019e\u0301tale sur plus d\u2019un demi-sie\u0300cle de design, tant il a su, plus que quiconque, faire la synthe\u0300se de la rigueur\u00a0formelle, de l\u2019e\u0301le\u0301gance et de la se\u0301duction dans la Cre\u0301ation Industrielle.<\/p>\n<p><strong>Magali Moulinier<\/strong><\/p>\n<p>Exposition Designer(s) du Design 2020 \/ NoDesign \/ Metrole Europ\u00e9enne de Lille capitale Mondiale du Design &#8211; 2020<\/p>\n<div style=\"padding:56.25% 0 0 0;position:relative;\"><iframe src=\"https:\/\/player.vimeo.com\/video\/767212889?h=10a482dc13&amp;badge=0&amp;autopause=0&amp;player_id=0&amp;app_id=58479\" frameborder=\"0\" allow=\"autoplay; fullscreen; picture-in-picture\" allowfullscreen style=\"position:absolute;top:0;left:0;width:100%;height:100%;\" title=\"Marc Berthier, designer du design\"><\/iframe><\/div>\n<p><script src=\"https:\/\/player.vimeo.com\/api\/player.js\"><\/script>\n<\/div>\n<h4><\/h4>\n<p>&nbsp;<\/p>\n<\/div>\n","protected":false},"excerpt":{"rendered":"<p>Marc Berthier a d\u00e9fini et th\u00e9oris\u00e9 le projet de design au contact des cultures italienne et am\u00e9ricaine de l\u2019industrie et de<br \/>\nla distribution. Dernier g\u00e9ant, il a form\u00e9 une grande partie des designers contemporains.<\/p>\n","protected":false},"author":10,"featured_media":0,"comment_status":"closed","ping_status":"open","sticky":false,"template":"","format":"standard","meta":{"_exactmetrics_skip_tracking":false,"_exactmetrics_sitenote_active":false,"_exactmetrics_sitenote_note":"","_exactmetrics_sitenote_category":0,"footnotes":""},"categories":[19],"tags":[],"class_list":["post-6883","post","type-post","status-publish","format-standard","hentry","category-objets-d-innovation"],"_links":{"self":[{"href":"https:\/\/www.nodesign.net\/blog\/wp-json\/wp\/v2\/posts\/6883","targetHints":{"allow":["GET"]}}],"collection":[{"href":"https:\/\/www.nodesign.net\/blog\/wp-json\/wp\/v2\/posts"}],"about":[{"href":"https:\/\/www.nodesign.net\/blog\/wp-json\/wp\/v2\/types\/post"}],"author":[{"embeddable":true,"href":"https:\/\/www.nodesign.net\/blog\/wp-json\/wp\/v2\/users\/10"}],"replies":[{"embeddable":true,"href":"https:\/\/www.nodesign.net\/blog\/wp-json\/wp\/v2\/comments?post=6883"}],"version-history":[{"count":6,"href":"https:\/\/www.nodesign.net\/blog\/wp-json\/wp\/v2\/posts\/6883\/revisions"}],"predecessor-version":[{"id":6890,"href":"https:\/\/www.nodesign.net\/blog\/wp-json\/wp\/v2\/posts\/6883\/revisions\/6890"}],"wp:attachment":[{"href":"https:\/\/www.nodesign.net\/blog\/wp-json\/wp\/v2\/media?parent=6883"}],"wp:term":[{"taxonomy":"category","embeddable":true,"href":"https:\/\/www.nodesign.net\/blog\/wp-json\/wp\/v2\/categories?post=6883"},{"taxonomy":"post_tag","embeddable":true,"href":"https:\/\/www.nodesign.net\/blog\/wp-json\/wp\/v2\/tags?post=6883"}],"curies":[{"name":"wp","href":"https:\/\/api.w.org\/{rel}","templated":true}]}}