{"id":6547,"date":"2015-07-10T18:40:18","date_gmt":"2015-07-10T16:40:18","guid":{"rendered":"http:\/\/www.nodesign.net\/blog\/?p=6547"},"modified":"2015-07-27T18:42:36","modified_gmt":"2015-07-27T16:42:36","slug":"lintelligence-de-la-main","status":"publish","type":"post","link":"https:\/\/www.nodesign.net\/blog\/lintelligence-de-la-main\/","title":{"rendered":"L&rsquo;intelligence de la main ?"},"content":{"rendered":"<p>La r\u00e9forme du coll\u00e8ge en cours tend \u00e0 s&rsquo;int\u00e9resser d&rsquo;abord \u00e0 l&rsquo;\u00e9ducation pour le \u00ab travail intellectuel \u00bb. Malgr\u00e9 de nombreuses tentatives, notre pays semble avoir une difficult\u00e9 \u00e0 reconna\u00eetre l&rsquo;intelligence des m\u00e9tiers manuels des gens qui nous nourrissent, fabriquent nos maisons, nos ponts, nos machines et embellissent nos vies. Aristote disait : \u00ab Est dot\u00e9 de la main celui qui est dot\u00e9 de l&rsquo;intelligence \u00bb. A partir de la Renaissance s&rsquo;op\u00e8re un clivage entre les artistes et les artisans ; les premiers pratiquent les arts, les seconds exercent des m\u00e9tiers. Aujourd&rsquo;hui, on oppose trop facilement m\u00e9tiers manuels et intellectuels. Mais c&rsquo;est m\u00e9conna\u00eetre l&rsquo;h\u00e9ritage du duc de La Rochefoucauld-Liancourt, qui fonda l&rsquo;Ecole d&rsquo;arts et m\u00e9tiers, ou, plus pr\u00e8s de nous, de l&rsquo;ing\u00e9nieur, chercheur et entrepreneur Jean Prouv\u00e9, qui parraina la cr\u00e9ation de l&rsquo;Ecole nationale sup\u00e9rieure de cr\u00e9ation industrielle (Ensci). Ces intelligences alternatives, pratiques et adaptatives que font s&rsquo;\u00e9panouir les m\u00e9tiers manuels sont des producteurs de diversit\u00e9, comme l&rsquo;avaient compris les designers italiens des ann\u00e9es 1970 qui y voyaient le vrai laboratoire de l&rsquo;industrie. Nos atouts r\u00e9els dans le luxe et les m\u00e9tiers de haute facture semblent le confirmer. A l&rsquo;exemple du renouveau gastronomique parisien, dont on dit \u00e0 Londres qu&rsquo;il est \u00ab la seule chose int\u00e9ressante \u00e0 Paris \u00bb. Aujourd&rsquo;hui, les Fab Labs reconvoquent cet esprit des arts et m\u00e9tiers. Mais, \u00e9tonnamment, un seul lyc\u00e9e technique en France, le lyc\u00e9e Vauban de Brest, accueille un Fab Lab, Les Fabriques du Ponant. Un livre stimulant, \u00ab L&rsquo;Eloge du carburateur \u00bb de Matthew B. Crawford, raconte le retour d&rsquo;un \u00ab consultant \u00bb \u00e0 une activit\u00e9 de r\u00e9paration de moto. Cette apologie de \u00ab l&rsquo;intelligence de la main \u00bb est pleine de r\u00e9flexions int\u00e9ressantes sur le sens et la valeur du travail. Souvenons-nous \u00e9galement de Diderot et d&rsquo;Alembert qui ont milit\u00e9 dans l&rsquo;\u00ab Encyclop\u00e9die \u00bb pour le d\u00e9veloppement de la science et des techniques et, \u00e0 travers elles, ont cherch\u00e9 \u00e0 reconstituer l&rsquo;antique union de la t\u00eate et des mains. Portons attention \u00e0 ces intelligences manuelles : nous ne pourrons pas nous en passer demain, parce qu&rsquo;elles sont uniques.<br \/>\nJean-Louis Frechin<\/p>\n<p>Publication originale dans <a href=\"http:\/\/www.lesechos.fr\/idees-debats\/editos-analyses\/02182587433-lintelligence-de-la-main-1122435.php\" title=\"L'intelligence de la main ?\">les Echos<\/a><br \/>\n26\/05\/2015 | Jean-Louis Frechin | \u00c9conomie &#038; soci\u00e9t\u00e9 | Innovation | Tribune | LesEcho<\/p>\n","protected":false},"excerpt":{"rendered":"<p>La r\u00e9forme du coll\u00e8ge en cours tend \u00e0 s&rsquo;int\u00e9resser d&rsquo;abord \u00e0 l&rsquo;\u00e9ducation pour le \u00ab travail intellectuel \u00bb. Malgr\u00e9 de nombreuses tentatives, notre pays semble avoir une difficult\u00e9 \u00e0 reconna\u00eetre l&rsquo;intelligence des m\u00e9tiers manuels des gens qui nous nourrissent, fabriquent nos maisons, nos ponts, nos machines et embellissent nos vies. Aristote disait : \u00ab Est [&hellip;]<\/p>\n","protected":false},"author":10,"featured_media":0,"comment_status":"open","ping_status":"open","sticky":false,"template":"","format":"standard","meta":{"_exactmetrics_skip_tracking":false,"_exactmetrics_sitenote_active":false,"_exactmetrics_sitenote_note":"","_exactmetrics_sitenote_category":0,"footnotes":""},"categories":[8,9,243],"tags":[],"class_list":["post-6547","post","type-post","status-publish","format-standard","hentry","category-design-ducation","category-design-innovation","category-lesechos"],"_links":{"self":[{"href":"https:\/\/www.nodesign.net\/blog\/wp-json\/wp\/v2\/posts\/6547","targetHints":{"allow":["GET"]}}],"collection":[{"href":"https:\/\/www.nodesign.net\/blog\/wp-json\/wp\/v2\/posts"}],"about":[{"href":"https:\/\/www.nodesign.net\/blog\/wp-json\/wp\/v2\/types\/post"}],"author":[{"embeddable":true,"href":"https:\/\/www.nodesign.net\/blog\/wp-json\/wp\/v2\/users\/10"}],"replies":[{"embeddable":true,"href":"https:\/\/www.nodesign.net\/blog\/wp-json\/wp\/v2\/comments?post=6547"}],"version-history":[{"count":1,"href":"https:\/\/www.nodesign.net\/blog\/wp-json\/wp\/v2\/posts\/6547\/revisions"}],"predecessor-version":[{"id":6548,"href":"https:\/\/www.nodesign.net\/blog\/wp-json\/wp\/v2\/posts\/6547\/revisions\/6548"}],"wp:attachment":[{"href":"https:\/\/www.nodesign.net\/blog\/wp-json\/wp\/v2\/media?parent=6547"}],"wp:term":[{"taxonomy":"category","embeddable":true,"href":"https:\/\/www.nodesign.net\/blog\/wp-json\/wp\/v2\/categories?post=6547"},{"taxonomy":"post_tag","embeddable":true,"href":"https:\/\/www.nodesign.net\/blog\/wp-json\/wp\/v2\/tags?post=6547"}],"curies":[{"name":"wp","href":"https:\/\/api.w.org\/{rel}","templated":true}]}}