{"id":6246,"date":"2013-04-17T16:09:21","date_gmt":"2013-04-17T14:09:21","guid":{"rendered":"http:\/\/www.nodesign.net\/blog\/?p=6246"},"modified":"2013-04-17T16:14:29","modified_gmt":"2013-04-17T14:14:29","slug":"quel-design-pour-les-defis-du-futur","status":"publish","type":"post","link":"https:\/\/www.nodesign.net\/blog\/quel-design-pour-les-defis-du-futur\/","title":{"rendered":"Quel design pour les d\u00e9fis du futur ?"},"content":{"rendered":"<p><span style=\"font-weight: normal;\">Les mod\u00e8les du XX\u00e8 si\u00e8cle semblent arriv\u00e9s \u00e0 une limite. A l&rsquo;aube du v\u00e9ritable changement d&rsquo;\u00e2ge que nous vivons, il para\u00eet n\u00e9cessaire de construire et d&rsquo;inventer de nouvelles \u00ab propositions \u00bb, pr\u00e9f\u00e9rables \u00e0 celles l\u00e9gu\u00e9es par le si\u00e8cle pr\u00e9c\u00e9dent.<\/span><\/p>\n<p>Le design semble d\u00e9sormais consid\u00e9r\u00e9 comme un \u00e9l\u00e9ment de solution pour accompagner ces mutations. Pour Paola Antonelli, conservatrice au Moma de New York, \u00ab le design fait partie des indicateurs qui \u00e9clairent et fabriquent le changement culturel que nous vivons \u00bb. Il est donc \u00e0 un tournant de ses pratiques et de ses r\u00f4les, mais aussi dans une mutation au regard des responsabilit\u00e9s qu&rsquo;il se doit d&rsquo;assumer.<\/p>\n<p>Au-del\u00e0 de ses actions historiques, le design contemporain s&rsquo;\u00e9tendra jusqu&rsquo;\u00e0 toucher presque toutes les facettes des activit\u00e9s humaines, la science, l&rsquo;\u00e9ducation, l&rsquo;\u00e9conomie ou la politique. Il sera prot\u00e9iforme, \u00e0 l&rsquo;instar de disciplines comme la physique ou l&rsquo;architecture. Ainsi, au-del\u00e0 de leur formation classique, les nouveaux designers devront avoir une vision syst\u00e9mique et des savoirs \u00e9tendus en termes \u00e9conomiques, technologiques et anthropologiques, ainsi qu&rsquo;une aptitude \u00e0 dialoguer avec d&rsquo;autres disciplines.<\/p>\n<p>Le designer d\u00e9finira des possibles et des propositions. Celles-ci pourront se d\u00e9finir autant comme des visions que comme des pratiques &#8211; un dessein et un dessin &#8211; pour accompagner les transformations du monde.<\/p>\n<p>On pourra distinguer deux sortes de designers. Les premiers produiront des questionnements et des visions autour de sujets nouveaux, \u00e9clairant les opportunit\u00e9s et les risques du futur. Les autres repr\u00e9senteront des situations concr\u00e8tes (nouveaux objets, services, organisations\u2026) afin qu&rsquo;entrepreneurs, scientifiques, politiques et grand public puissent agir dessus, les adopter et les produire.<\/p>\n<p>Ces designers ne seront pas solitaires, leur palette d\u2019expression s\u2019appuiera sur une capacit\u00e9 \u00e0 dialoguer, \u00e0 \u00absynth\u00e9tiser\u00bb et cr\u00e9er des situations d\u2019intelligences contributives, r\u00e9flexives et attentionn\u00e9es \u00abpour et avec\u00bb les organisations, la soci\u00e9t\u00e9 et les gens.<\/p>\n<p>Cette nouvelle \u00e8re a commenc\u00e9. Le design devient central dans la qu\u00eate \u00e9ternelle de l&rsquo;homme \u00e0 d\u00e9gager la beaut\u00e9 et le bien de la n\u00e9cessit\u00e9 et de la complexit\u00e9. Notre plus gros d\u00e9fi sera peut-\u00eatre de convertir les hauts d\u00e9cideurs des entreprises fran\u00e7aises, pour la plupart silencieux sur cet enjeu et ces opportunit\u00e9s.<\/p>\n<p>Publication orginale dans les Echos<\/p>\n<p>09\/04\/2013 | Jean-Louis Fr\u00e9chin | D\u00e9veloppement | Tribune | LesEchos<\/p>\n","protected":false},"excerpt":{"rendered":"<p>Les mod\u00e8les du XX\u00e8 si\u00e8cle semblent arriv\u00e9s \u00e0 une limite. A l&rsquo;aube du v\u00e9ritable changement d&rsquo;\u00e2ge que nous vivons, il para\u00eet n\u00e9cessaire de construire et d&rsquo;inventer de nouvelles \u00ab propositions \u00bb, pr\u00e9f\u00e9rables \u00e0 celles l\u00e9gu\u00e9es par le si\u00e8cle pr\u00e9c\u00e9dent.<\/p>\n","protected":false},"author":10,"featured_media":0,"comment_status":"open","ping_status":"open","sticky":false,"template":"","format":"standard","meta":{"_exactmetrics_skip_tracking":false,"_exactmetrics_sitenote_active":false,"_exactmetrics_sitenote_note":"","_exactmetrics_sitenote_category":0,"footnotes":""},"categories":[243],"tags":[29,247,28],"class_list":["post-6246","post","type-post","status-publish","format-standard","hentry","category-lesechos","tag-design","tag-design-doing","tag-innovation"],"_links":{"self":[{"href":"https:\/\/www.nodesign.net\/blog\/wp-json\/wp\/v2\/posts\/6246","targetHints":{"allow":["GET"]}}],"collection":[{"href":"https:\/\/www.nodesign.net\/blog\/wp-json\/wp\/v2\/posts"}],"about":[{"href":"https:\/\/www.nodesign.net\/blog\/wp-json\/wp\/v2\/types\/post"}],"author":[{"embeddable":true,"href":"https:\/\/www.nodesign.net\/blog\/wp-json\/wp\/v2\/users\/10"}],"replies":[{"embeddable":true,"href":"https:\/\/www.nodesign.net\/blog\/wp-json\/wp\/v2\/comments?post=6246"}],"version-history":[{"count":2,"href":"https:\/\/www.nodesign.net\/blog\/wp-json\/wp\/v2\/posts\/6246\/revisions"}],"predecessor-version":[{"id":6248,"href":"https:\/\/www.nodesign.net\/blog\/wp-json\/wp\/v2\/posts\/6246\/revisions\/6248"}],"wp:attachment":[{"href":"https:\/\/www.nodesign.net\/blog\/wp-json\/wp\/v2\/media?parent=6246"}],"wp:term":[{"taxonomy":"category","embeddable":true,"href":"https:\/\/www.nodesign.net\/blog\/wp-json\/wp\/v2\/categories?post=6246"},{"taxonomy":"post_tag","embeddable":true,"href":"https:\/\/www.nodesign.net\/blog\/wp-json\/wp\/v2\/tags?post=6246"}],"curies":[{"name":"wp","href":"https:\/\/api.w.org\/{rel}","templated":true}]}}