{"id":5474,"date":"2010-09-01T08:50:28","date_gmt":"2010-09-01T06:50:28","guid":{"rendered":"http:\/\/www.nodesign.net\/blog\/?p=5474"},"modified":"2010-09-01T16:03:01","modified_gmt":"2010-09-01T14:03:01","slug":"taxi-dici-taxi-de-la","status":"publish","type":"post","link":"https:\/\/www.nodesign.net\/blog\/taxi-dici-taxi-de-la\/","title":{"rendered":"Taxi d&rsquo;ici, Taxi de l\u00e0"},"content":{"rendered":"<p><a rel=\"attachment wp-att-5475\" href=\"http:\/\/www.nodesign.net\/blog\/taxi-dici-taxi-de-la\/capture-d%e2%80%99ecran-2010-07-23-a-08-19-52\/\"><img loading=\"lazy\" decoding=\"async\" class=\"size-full wp-image-5475 alignleft\" title=\"Nouveaux Bidules des Taxis Parisiens\" src=\"http:\/\/www.nodesign.net\/blog\/wp-content\/uploads\/2010\/07\/Capture-d\u2019\u00e9cran-2010-07-23-\u00e0-08.19.52.jpg\" alt=\"\" width=\"540\" height=\"327\" \/><\/a><\/p>\n<p>Les taxis sont un vecteur important de l&rsquo;identit\u00e9 des villes et des territoires. Beaucoup de cit\u00e9s dans le monde ont une vision globale, construite et raisonn\u00e9e de leur systeme de Taxi qui cr\u00e9e une composante forte de l&rsquo;identit\u00e9 de la ville.<br \/>\nLe nouvel indicateur des Taxis parisiens \u00ab\u00a0le Bidule\u00a0\u00bb est certainement pratique.  Mais nous avons perdu une extraordinaire opportunit\u00e9 d&rsquo;exprimer une vision symbolique et identitaire du Grand Paris.<\/p>\n<p>Mise \u00e0 jour<br \/>\nA l&rsquo;image des taxis jaunes de New York ou encore des Black Cab de Londres, Paris va, par ailleurs, bient\u00f4t avoir ses propres taxis, identifiables n&rsquo;importe o\u00f9 dans le monde. La convention sign\u00e9e le 23 juin dernier pr\u00e9voit notamment que les toits des taxis parisiens seront noirs, tout comme leurs montants.<br \/>\nLes passagers d\u00e9couvriront au plus tard le 31 d\u00e9cembre 2011 ces nouveaux taxis, selon le d\u00e9cret paru en ao\u00fbt 2009. Chaque grande ville verra aussi l&rsquo;apparition de taxis bicolores avec une couleur identifiante commune pour le toit et les montants. (Metro)<\/p>\n<p>L&rsquo;approche globale a New York de design de l&rsquo;identit\u00e9 des taxi<br \/>\n<img decoding=\"async\" src=\"http:\/\/graphics8.nytimes.com\/images\/2008\/05\/07\/nyregion\/taxi-533.jpg\" alt=\"\" \/><\/p>\n<p>La livr\u00e9e des taxis et la nouvelle signature de New York sont issu d&rsquo;un appel \u00e0 contribution et d&rsquo;une d\u00e9marche similaire <a href=\"http:\/\/cityroom.blogs.nytimes.com\/2007\/10\/15\/reviews-trickle-in-for-new-taxi-logo\/\">taxis New Yorkais<\/a><\/p>\n<p>Un <a href=\"http:\/\/www.designtrust.org\/pubs\/07_RoadsForward.pdf\">document remarquable<\/a> emis par l&rsquo;autorit\u00e9 Newyorkaise de taxis. Tout ce que vous souhaitez savoir sur les Yellows Cab. <a href=\"http:\/\/www.designtrust.org\/publications\/publication_07roadsfwd.html\">Taxi et espace publique NYC<\/a><\/p>\n<p><img decoding=\"async\" src=\"http:\/\/www.designtrust.org\/media\/publications\/covers\/pub_07roadsfwd_354_gray.jpg\" alt=\"\" \/><\/p>\n<p>Lisbonne<br \/>\nApr\u00e9s avoir chang\u00e9 la livr\u00e9e de leurs  taxis en beige, \u00e0 la suite d&rsquo;une directive europ\u00e9enne, les Portugais ont d\u00e9cid\u00e9 de revenir \u00e0 la couleur d&rsquo;origine \u00ab\u00a0Noir et vert\u00a0\u00bb, plus visible et faisant une part de l&rsquo;identit\u00e9 de Lisbonne.<br \/>\n<img decoding=\"async\" src=\"http:\/\/upload.wikimedia.org\/wikipedia\/commons\/thumb\/2\/29\/Lisboa_t\u00e1xi_verde_e_preto.jpg\/800px-Lisboa_t\u00e1xi_verde_e_preto.jpg\" alt=\"\" width=\"540\" \/><br \/>\n<img decoding=\"async\" src=\"http:\/\/www.linternaute.com\/auto\/salons-mondial\/photo\/mondial-de-paris-taxis-du-monde\/image\/lisbonne-renault-colorale-taxi-85-327430.jpg\" alt=\"\" width=\"540\" \/> La Renault Colorale (ou Prairie) a \u00e9t\u00e9 beaucoup utilis\u00e9 comme taxi. Ce gabarit est int\u00e9ressant et ressemble au taxi londonien.<\/p>\n<p>London<br \/>\n<img decoding=\"async\" src=\"http:\/\/www.motor-cross.ca\/taxi-jun03.jpg\" alt=\"\" width=\"540\" \/><br \/>\n<img decoding=\"async\" src=\"http:\/\/www.taxi-library.org\/photos\/tx4-silver.jpg\" alt=\"\" width=\"540\" \/><br \/>\nLes britanniques sont les maitres en terme d&rsquo;identit\u00e9 et de signes urbains.<\/p>\n","protected":false},"excerpt":{"rendered":"<p>Les taxis sont un vecteur important de l&rsquo;identit\u00e9 des villes et des territoires. Beaucoup de cit\u00e9s dans le monde ont une vision globale, construite et raisonn\u00e9e de leur systeme de Taxi qui cr\u00e9e une composante forte de l&rsquo;identit\u00e9 de la ville. Le nouvel indicateur des Taxis parisiens \u00ab\u00a0le Bidule\u00a0\u00bb est certainement pratique. Mais nous avons [&hellip;]<\/p>\n","protected":false},"author":10,"featured_media":0,"comment_status":"open","ping_status":"open","sticky":false,"template":"","format":"standard","meta":{"_exactmetrics_skip_tracking":false,"_exactmetrics_sitenote_active":false,"_exactmetrics_sitenote_note":"","_exactmetrics_sitenote_category":0,"footnotes":""},"categories":[6,19],"tags":[],"class_list":["post-5474","post","type-post","status-publish","format-standard","hentry","category-design-strategie","category-objets-d-innovation"],"_links":{"self":[{"href":"https:\/\/www.nodesign.net\/blog\/wp-json\/wp\/v2\/posts\/5474","targetHints":{"allow":["GET"]}}],"collection":[{"href":"https:\/\/www.nodesign.net\/blog\/wp-json\/wp\/v2\/posts"}],"about":[{"href":"https:\/\/www.nodesign.net\/blog\/wp-json\/wp\/v2\/types\/post"}],"author":[{"embeddable":true,"href":"https:\/\/www.nodesign.net\/blog\/wp-json\/wp\/v2\/users\/10"}],"replies":[{"embeddable":true,"href":"https:\/\/www.nodesign.net\/blog\/wp-json\/wp\/v2\/comments?post=5474"}],"version-history":[{"count":24,"href":"https:\/\/www.nodesign.net\/blog\/wp-json\/wp\/v2\/posts\/5474\/revisions"}],"predecessor-version":[{"id":5606,"href":"https:\/\/www.nodesign.net\/blog\/wp-json\/wp\/v2\/posts\/5474\/revisions\/5606"}],"wp:attachment":[{"href":"https:\/\/www.nodesign.net\/blog\/wp-json\/wp\/v2\/media?parent=5474"}],"wp:term":[{"taxonomy":"category","embeddable":true,"href":"https:\/\/www.nodesign.net\/blog\/wp-json\/wp\/v2\/categories?post=5474"},{"taxonomy":"post_tag","embeddable":true,"href":"https:\/\/www.nodesign.net\/blog\/wp-json\/wp\/v2\/tags?post=5474"}],"curies":[{"name":"wp","href":"https:\/\/api.w.org\/{rel}","templated":true}]}}