{"id":1875,"date":"2009-12-19T11:37:00","date_gmt":"2009-12-19T11:37:00","guid":{"rendered":"http:\/\/www.nodesign.net\/blog\/admin\/wp\/?p=1875"},"modified":"2010-04-14T18:42:19","modified_gmt":"2010-04-14T18:42:19","slug":"via-3-0-centre-georges-pompidou","status":"publish","type":"post","link":"https:\/\/www.nodesign.net\/blog\/via-3-0-centre-georges-pompidou\/","title":{"rendered":"Via 3.0 Centre Georges Pompidou"},"content":{"rendered":"<p>Exposition du 30 anniversaire du Via: une exposition au Centre Georges Pompidou et un catalogue . A cette occasion, la carte blanche Interface(s), rejoint les collections du Mus\u00e9e Nationale d&rsquo;Art Moderne &#8211; Centre de Cr\u00e9ation Industrielle\u00a0\u00bb&nbsp;<\/p>\n<p><!--more--><\/p>\n<p><img decoding=\"async\" src=\"http:\/\/www.contemporist.com\/photos\/via_181209_01.jpg\" width=\"500\" alt=\"VIA 3.0 jean louis Frechin\" \/><\/p>\n<p><a href=\"http:\/\/www.via.fr\/fr\/evenements-via-design-3.0.asp\">Via<\/a>, <a href=\"http:\/\/www.centrepompidou.fr\/Pompidou\/Manifs.nsf\/0\/8099A823273116F8C125760900350D08?OpenDocument&amp;sessionM=2.2.2&amp;L=1\">Centre Georges Pompidou<\/a><\/p>\n<p>Commissariat\u2028<br \/>Val\u00e9rie Guillaume \u2013 Conservatrice au Mus\u00e9e national d\u2019art moderne, collection architecture \u2013 design\u2028<br \/>G\u00e9rard Laiz\u00e9 \u2013 Directeur g\u00e9n\u00e9ral du VIA.<\/p>\n<p>Publication<br \/>\n L\u2019exposition VIA DESIGN 3.0 est \u00e9galement l\u2019occasion de la publication d\u2019un livre co\u00e9dit\u00e9 par VIA et les \u00c9ditions du Centre Pompidou. \u00abVIA DESIGN 3.0\u00bb sera disponible fin novembre (240 pages).<\/p>\n<p> <a href=\"http:\/\/www.centrepompidou.fr\/Pompidou\/Manifs.nsf\/0\/8099A823273116F8C125760900350D08?OpenDocument&amp;sessionM=2.2.2&amp;L=1\" style=\"text-decoration: none;\"><img decoding=\"async\" src=\"http:\/\/www.centrepompidou.fr\/images\/illustrations\/XL\/EXP-VIADESIGN.jpg\" width=\"500\" alt=\"VIA 3.0 jean louis Frechin\" style=\"text-decoration: underline;\" \/><\/a><\/p>\n","protected":false},"excerpt":{"rendered":"<p>Exposition du 30 anniversaire du Via: une exposition au Centre Georges Pompidou et un catalogue . A cette occasion, la carte blanche Interface(s), rejoint les collections du Mus\u00e9e Nationale d&rsquo;Art Moderne &#8211; Centre de Cr\u00e9ation Industrielle\u00a0\u00bb&nbsp;<\/p>\n","protected":false},"author":10,"featured_media":0,"comment_status":"open","ping_status":"open","sticky":false,"template":"","format":"standard","meta":{"_exactmetrics_skip_tracking":false,"_exactmetrics_sitenote_active":false,"_exactmetrics_sitenote_note":"","_exactmetrics_sitenote_category":0,"footnotes":""},"categories":[18],"tags":[29,22,57,108,45,54,66,25,27,75],"class_list":["post-1875","post","type-post","status-publish","format-standard","hentry","category-nodesign-news","tag-design","tag-exposition","tag-gui","tag-illustration","tag-interface","tag-interfaces","tag-jean-louis-frechin","tag-photo","tag-ui","tag-via"],"_links":{"self":[{"href":"https:\/\/www.nodesign.net\/blog\/wp-json\/wp\/v2\/posts\/1875","targetHints":{"allow":["GET"]}}],"collection":[{"href":"https:\/\/www.nodesign.net\/blog\/wp-json\/wp\/v2\/posts"}],"about":[{"href":"https:\/\/www.nodesign.net\/blog\/wp-json\/wp\/v2\/types\/post"}],"author":[{"embeddable":true,"href":"https:\/\/www.nodesign.net\/blog\/wp-json\/wp\/v2\/users\/10"}],"replies":[{"embeddable":true,"href":"https:\/\/www.nodesign.net\/blog\/wp-json\/wp\/v2\/comments?post=1875"}],"version-history":[{"count":4,"href":"https:\/\/www.nodesign.net\/blog\/wp-json\/wp\/v2\/posts\/1875\/revisions"}],"predecessor-version":[{"id":4326,"href":"https:\/\/www.nodesign.net\/blog\/wp-json\/wp\/v2\/posts\/1875\/revisions\/4326"}],"wp:attachment":[{"href":"https:\/\/www.nodesign.net\/blog\/wp-json\/wp\/v2\/media?parent=1875"}],"wp:term":[{"taxonomy":"category","embeddable":true,"href":"https:\/\/www.nodesign.net\/blog\/wp-json\/wp\/v2\/categories?post=1875"},{"taxonomy":"post_tag","embeddable":true,"href":"https:\/\/www.nodesign.net\/blog\/wp-json\/wp\/v2\/tags?post=1875"}],"curies":[{"name":"wp","href":"https:\/\/api.w.org\/{rel}","templated":true}]}}