{"id":1764,"date":"2009-03-31T11:04:00","date_gmt":"2009-03-31T11:04:00","guid":{"rendered":"http:\/\/www.nodesign.net\/blog\/admin\/wp\/?p=1764"},"modified":"2010-04-14T19:08:42","modified_gmt":"2010-04-14T19:08:42","slug":"paris-design-en-mutation-2","status":"publish","type":"post","link":"https:\/\/www.nodesign.net\/blog\/paris-design-en-mutation-2\/","title":{"rendered":"Paris Design en Mutation"},"content":{"rendered":"<p>A partir du 17 avril, retrouvez le programme Interface(s) de Jean louis Frechin et Uros Petrevski \u00e0 l&rsquo;Espace Fondation EDF qui accueille une exposition sur le design et l\u2019innovation de Paris.<\/p>\n<p><img decoding=\"async\" src=\"http:\/\/farm4.static.flickr.com\/3646\/3401359148_7504657bea.jpg\" width=\"343\" \/><br \/>\n<!--more--><br \/>\n<br \/>\n <img decoding=\"async\" src=\"http:\/\/farm4.static.flickr.com\/3662\/3400552731_3f928bceb9.jpg?v=0\" alt=\"\" \/><\/p>\n<div>L\u2019exposition Paris Design en mutation, \u00a0initi\u00e9e par la Mairie de Paris, la Fondation EDF Diversiterre, en partenariat avec le VIA, Culturesfrance et l\u2019UQAM\/Centre du design de Montr\u00e9al, pr\u00e9sente, \u00e0 l\u2019Espace Fondation EDF, les travaux de onze designers qui int\u00e8grent les impacts des changements \u00e9cologiques et \u00e9nerg\u00e9tiques dans nos modes de vies. Le commissaire est Michel Bouisson (VIA), le sc\u00e9nographe Georges Labrecque (UQAM\/Centre de Design, Montr\u00e9al) et le graphisme est r\u00e9alis\u00e9 par Ruedi Baur.\u2028Parmi les r\u00e9alisations pr\u00e9sent\u00e9es : une \u00e9tag\u00e8re-diffuseur audio ou une porte-\u00e9cran affichant informations et images d\u2019ambiance par <span class=\"Apple-style-span\" style=\"font-weight: bold;\">Jean-Louis Frechin<\/span>, un g\u00e9n\u00e9rateur d\u2019oxyg\u00e8ne pour l\u2019habitat par <span class=\"Apple-style-span\" style=\"font-weight: bold;\">Matthieu Lehanneur<\/span>, un h\u00f4tel volant par<span class=\"Apple-style-span\" style=\"font-weight: bold;\"> Jean-Marie Massaud<\/span> ou encore une multiprise qui symbolise le \u00ab gaspillage \u00bb des appareils en veille r\u00e9alis\u00e9e par <span class=\"Apple-style-span\" style=\"font-weight: bold;\">EDF Design R&amp;D<\/span>\u2026*\u2028Autant de pistes permettant d\u2019envisager autrement les objets qui composent notre cadre de vie. Une exposition pour d\u00e9couvrir les recherches d\u2019aujourd\u2019hui et envisager le monde de demain.<\/div>\n","protected":false},"excerpt":{"rendered":"<p>A partir du 17 avril, retrouvez le programme Interface(s) de Jean louis Frechin et Uros Petrevski \u00e0 l&rsquo;Espace Fondation EDF qui accueille une exposition sur le design et l\u2019innovation de Paris.<\/p>\n<p><img decoding=\"async\" src=\"http:\/\/farm4.static.flickr.com\/3646\/3401359148_7504657bea.jpg\" width=\"343\" \/><\/p>\n","protected":false},"author":10,"featured_media":0,"comment_status":"open","ping_status":"closed","sticky":false,"template":"","format":"standard","meta":{"_exactmetrics_skip_tracking":false,"_exactmetrics_sitenote_active":false,"_exactmetrics_sitenote_note":"","_exactmetrics_sitenote_category":0,"footnotes":""},"categories":[18,19],"tags":[76,70,29,97,22,30,59,95,31,28,45,54,66,60,33,34,27,69,38,75],"class_list":["post-1764","post","type-post","status-publish","format-standard","hentry","category-nodesign-news","category-objets-d-innovation","tag-appareil","tag-changements","tag-design","tag-espace","tag-exposition","tag-formation","tag-france","tag-graphisme","tag-information","tag-innovation","tag-interface","tag-interfaces","tag-jean-louis-frechin","tag-lab","tag-objet","tag-objets","tag-ui","tag-uros-petrevski","tag-ux","tag-via"],"_links":{"self":[{"href":"https:\/\/www.nodesign.net\/blog\/wp-json\/wp\/v2\/posts\/1764","targetHints":{"allow":["GET"]}}],"collection":[{"href":"https:\/\/www.nodesign.net\/blog\/wp-json\/wp\/v2\/posts"}],"about":[{"href":"https:\/\/www.nodesign.net\/blog\/wp-json\/wp\/v2\/types\/post"}],"author":[{"embeddable":true,"href":"https:\/\/www.nodesign.net\/blog\/wp-json\/wp\/v2\/users\/10"}],"replies":[{"embeddable":true,"href":"https:\/\/www.nodesign.net\/blog\/wp-json\/wp\/v2\/comments?post=1764"}],"version-history":[{"count":4,"href":"https:\/\/www.nodesign.net\/blog\/wp-json\/wp\/v2\/posts\/1764\/revisions"}],"predecessor-version":[{"id":4437,"href":"https:\/\/www.nodesign.net\/blog\/wp-json\/wp\/v2\/posts\/1764\/revisions\/4437"}],"wp:attachment":[{"href":"https:\/\/www.nodesign.net\/blog\/wp-json\/wp\/v2\/media?parent=1764"}],"wp:term":[{"taxonomy":"category","embeddable":true,"href":"https:\/\/www.nodesign.net\/blog\/wp-json\/wp\/v2\/categories?post=1764"},{"taxonomy":"post_tag","embeddable":true,"href":"https:\/\/www.nodesign.net\/blog\/wp-json\/wp\/v2\/tags?post=1764"}],"curies":[{"name":"wp","href":"https:\/\/api.w.org\/{rel}","templated":true}]}}